{"id":1048,"date":"2017-04-29T21:44:03","date_gmt":"2017-04-29T19:44:03","guid":{"rendered":"http:\/\/www.lepramisszio.hu\/?p=1048"},"modified":"2022-03-22T23:52:50","modified_gmt":"2022-03-22T22:52:50","slug":"m-e-g-h-v-o-tavaszi-we-we-we-we-we-we-we-we-we-we-we","status":"publish","type":"post","link":"https:\/\/www.lepramisszio.hu\/en\/m-e-g-h-v-o-tavaszi-we-we-we-we-we-we-we-we-we-we-we\/","title":{"rendered":"INVITATION TO OUR SPRING SILENT DAY"},"content":{"rendered":"<p><strong><em>\u00a0<\/em><\/strong><\/p>\n<p style=\"text-align: center;\">\n<p style=\"text-align: center;\"><b><i>We cordially invite and welcome our colleagues, supporters and all those who are interested to the spring show morning of the Lepramissiio,<\/i><\/b><\/p>\n<p style=\"text-align: center;\"><i><span style=\"font-weight: 400;\">by \u00a0<\/span><\/i><b><i>On Saturday 13 May 2017, from 10 a.m. to about 2 p.m.<\/i><\/b><\/p>\n<p style=\"text-align: center;\"><b><i>a Bp. XII. at Ignotus u.9.<\/i><\/b><\/p>\n<p style=\"text-align: center;\"><b><i>In the Auditorium of the Roman Catholic Parish Building in V\u00e1rosmajori <\/i><\/b><\/p>\n<p style=\"text-align: center;\"><i><span style=\"font-weight: 400;\">(this is not the church, but a nice residential building with a garden!)<\/span><\/i><\/p>\n<p style=\"text-align: center;\"><i><span style=\"font-weight: 400;\">Thank you for the excellent location!<\/span><\/i><\/p>\n<p style=\"text-align: center;\">\n<p style=\"text-align: center;\"><b><i>The focus of the programme is on persecuted Christians, including those served by the Lepramis Mission:<\/i><\/b><\/p>\n<p style=\"text-align: center;\"><i><span style=\"font-weight: 400;\">Short Bible explanation<\/span><\/i><\/p>\n<p style=\"text-align: center;\"><i><span style=\"font-weight: 400;\">Christian persecution today - Gerhardt Fanni<\/span><\/i><\/p>\n<p style=\"text-align: center;\"><i><span style=\"font-weight: 400;\">The life of the martyred missionary M\u00e1ria Moln\u00e1r - Dr. Margit M\u00fcllnern\u00e9 Szab\u00f3<\/span><\/i><\/p>\n<p style=\"text-align: center;\"><i><span style=\"font-weight: 400;\">Quiz - led by \u00c9va Sepsi<\/span><\/i><\/p>\n<p style=\"text-align: center;\"><i><span style=\"font-weight: 400;\">Presentation about the work of the Lepramissiio - Risk\u00f3n\u00e9 Fazekas M\u00e1rta<\/span><\/i><\/p>\n<p style=\"text-align: center;\"><i><span style=\"font-weight: 400;\">News, poems, songs.<\/span><\/i><\/p>\n<p style=\"text-align: center;\">\n<p style=\"text-align: center;\"><b><i>Everyone is welcome! Invite others to join us so that more people can get to know our work!<\/i><\/b><\/p>\n<p style=\"text-align: center;\">\n<p style=\"text-align: center;\"><i><span style=\"font-weight: 400;\">After the show, we can meet and talk over sandwiches and refreshments<\/span><\/i><i><span style=\"font-weight: 400;\">.<\/span><\/i><\/p>\n<p style=\"text-align: center;\"><i><span style=\"font-weight: 400;\">Getting there: it is a short walk from the Sz\u00e9ll K\u00e1lm\u00e1n Square stop of metro line 2: from the Csaba Street exit of the metro opposite the square, take the outdoor escalator \/or smooth stairs\/ up to Csaba Street. Going down, first cross the big crosswalk, then immediately right across the other crosswalk. After the building at 3 Csaba u., turn right at the small florist's shop into Ignotus street, overlooking the church park.<\/span><\/i><\/p>","protected":false},"excerpt":{"rendered":"<p>Which will be held on 13 May 2017 from 10 am at the Bp. XII. at Ignotus u.9. in the auditorium of the Roman Catholic Parish building in V\u00e1rosmajor.<\/p>","protected":false},"author":1,"featured_media":2655,"comment_status":"closed","ping_status":"closed","sticky":false,"template":"","format":"standard","meta":{"footnotes":""},"categories":[33],"tags":[],"class_list":["post-1048","post","type-post","status-publish","format-standard","has-post-thumbnail","hentry","category-hirek"],"yoast_head":"<!-- This site is optimized with the Yoast SEO plugin v25.1 - https:\/\/yoast.com\/wordpress\/plugins\/seo\/ -->\n<title>MEGH\u00cdV\u00d3 TAVASZI CSENDESNAPUNKRA - Lepramisszi\u00f3 - Magyarorsz\u00e1g<\/title>\n<meta name=\"robots\" content=\"index, follow, max-snippet:-1, max-image-preview:large, max-video-preview:-1\" \/>\n<link rel=\"canonical\" href=\"https:\/\/www.lepramisszio.hu\/en\/m-e-g-h-v-o-tavaszi-we-we-we-we-we-we-we-we-we-we-we\/\" \/>\n<meta property=\"og:locale\" content=\"en_GB\" \/>\n<meta property=\"og:type\" content=\"article\" \/>\n<meta property=\"og:title\" content=\"MEGH\u00cdV\u00d3 TAVASZI CSENDESNAPUNKRA - Lepramisszi\u00f3 - Magyarorsz\u00e1g\" \/>\n<meta property=\"og:description\" content=\"Melyet \u00a02017. m\u00e1jus 13-\u00e1n 10 \u00f3r\u00e1t\u00f3l tartunk a Bp. XII. Ignotus u.9. sz\u00e1m alatt a V\u00e1rosmajori R\u00f3mai Katolikus Pl\u00e9b\u00e1nia\u00e9p\u00fclet el\u0151ad\u00f3term\u00e9ben.\" \/>\n<meta property=\"og:url\" content=\"https:\/\/www.lepramisszio.hu\/en\/m-e-g-h-v-o-tavaszi-we-we-we-we-we-we-we-we-we-we-we\/\" \/>\n<meta property=\"og:site_name\" content=\"Lepramisszi\u00f3 - Magyarorsz\u00e1g\" \/>\n<meta property=\"article:published_time\" content=\"2017-04-29T19:44:03+00:00\" \/>\n<meta property=\"article:modified_time\" content=\"2022-03-22T22:52:50+00:00\" \/>\n<meta property=\"og:image\" content=\"https:\/\/www.lepramisszio.hu\/wp-content\/uploads\/2020\/05\/molnar-maria.jpg\" \/>\n\t<meta property=\"og:image:width\" content=\"211\" \/>\n\t<meta property=\"og:image:height\" content=\"239\" \/>\n\t<meta property=\"og:image:type\" content=\"image\/jpeg\" \/>\n<meta name=\"author\" content=\"lepramisszio\" \/>\n<meta name=\"twitter:card\" content=\"summary_large_image\" \/>\n<meta name=\"twitter:label1\" content=\"Written by\" \/>\n\t<meta name=\"twitter:data1\" content=\"lepramisszio\" \/>\n\t<meta name=\"twitter:label2\" content=\"Estimated reading time\" \/>\n\t<meta name=\"twitter:data2\" content=\"1 minute\" \/>\n<script type=\"application\/ld+json\" class=\"yoast-schema-graph\">{\"@context\":\"https:\/\/schema.org\",\"@graph\":[{\"@type\":\"Article\",\"@id\":\"https:\/\/www.lepramisszio.hu\/m-e-g-h-v-o-tavaszi-csendesnapunkra\/#article\",\"isPartOf\":{\"@id\":\"https:\/\/www.lepramisszio.hu\/m-e-g-h-v-o-tavaszi-csendesnapunkra\/\"},\"author\":{\"name\":\"lepramisszio\",\"@id\":\"https:\/\/www.lepramisszio.hu\/#\/schema\/person\/db335f3d3e2a3b56c02a537fb34f14e4\"},\"headline\":\"MEGH\u00cdV\u00d3 TAVASZI CSENDESNAPUNKRA\",\"datePublished\":\"2017-04-29T19:44:03+00:00\",\"dateModified\":\"2022-03-22T22:52:50+00:00\",\"mainEntityOfPage\":{\"@id\":\"https:\/\/www.lepramisszio.hu\/m-e-g-h-v-o-tavaszi-csendesnapunkra\/\"},\"wordCount\":297,\"publisher\":{\"@id\":\"https:\/\/www.lepramisszio.hu\/#organization\"},\"image\":{\"@id\":\"https:\/\/www.lepramisszio.hu\/m-e-g-h-v-o-tavaszi-csendesnapunkra\/#primaryimage\"},\"thumbnailUrl\":\"https:\/\/www.lepramisszio.hu\/wp-content\/uploads\/2020\/05\/molnar-maria.jpg\",\"articleSection\":[\"H\u00cdREINK\"],\"inLanguage\":\"en-GB\"},{\"@type\":\"WebPage\",\"@id\":\"https:\/\/www.lepramisszio.hu\/m-e-g-h-v-o-tavaszi-csendesnapunkra\/\",\"url\":\"https:\/\/www.lepramisszio.hu\/m-e-g-h-v-o-tavaszi-csendesnapunkra\/\",\"name\":\"MEGH\u00cdV\u00d3 TAVASZI CSENDESNAPUNKRA - Lepramisszi\u00f3 - Magyarorsz\u00e1g\",\"isPartOf\":{\"@id\":\"https:\/\/www.lepramisszio.hu\/#website\"},\"primaryImageOfPage\":{\"@id\":\"https:\/\/www.lepramisszio.hu\/m-e-g-h-v-o-tavaszi-csendesnapunkra\/#primaryimage\"},\"image\":{\"@id\":\"https:\/\/www.lepramisszio.hu\/m-e-g-h-v-o-tavaszi-csendesnapunkra\/#primaryimage\"},\"thumbnailUrl\":\"https:\/\/www.lepramisszio.hu\/wp-content\/uploads\/2020\/05\/molnar-maria.jpg\",\"datePublished\":\"2017-04-29T19:44:03+00:00\",\"dateModified\":\"2022-03-22T22:52:50+00:00\",\"breadcrumb\":{\"@id\":\"https:\/\/www.lepramisszio.hu\/m-e-g-h-v-o-tavaszi-csendesnapunkra\/#breadcrumb\"},\"inLanguage\":\"en-GB\",\"potentialAction\":[{\"@type\":\"ReadAction\",\"target\":[\"https:\/\/www.lepramisszio.hu\/m-e-g-h-v-o-tavaszi-csendesnapunkra\/\"]}]},{\"@type\":\"ImageObject\",\"inLanguage\":\"en-GB\",\"@id\":\"https:\/\/www.lepramisszio.hu\/m-e-g-h-v-o-tavaszi-csendesnapunkra\/#primaryimage\",\"url\":\"https:\/\/www.lepramisszio.hu\/wp-content\/uploads\/2020\/05\/molnar-maria.jpg\",\"contentUrl\":\"https:\/\/www.lepramisszio.hu\/wp-content\/uploads\/2020\/05\/molnar-maria.jpg\",\"width\":211,\"height\":239},{\"@type\":\"BreadcrumbList\",\"@id\":\"https:\/\/www.lepramisszio.hu\/m-e-g-h-v-o-tavaszi-csendesnapunkra\/#breadcrumb\",\"itemListElement\":[{\"@type\":\"ListItem\",\"position\":1,\"name\":\"Home\",\"item\":\"https:\/\/www.lepramisszio.hu\/\"},{\"@type\":\"ListItem\",\"position\":2,\"name\":\"MEGH\u00cdV\u00d3 TAVASZI CSENDESNAPUNKRA\"}]},{\"@type\":\"WebSite\",\"@id\":\"https:\/\/www.lepramisszio.hu\/#website\",\"url\":\"https:\/\/www.lepramisszio.hu\/\",\"name\":\"Lepramisszi\u00f3 - Magyarorsz\u00e1g\",\"description\":\"\",\"publisher\":{\"@id\":\"https:\/\/www.lepramisszio.hu\/#organization\"},\"potentialAction\":[{\"@type\":\"SearchAction\",\"target\":{\"@type\":\"EntryPoint\",\"urlTemplate\":\"https:\/\/www.lepramisszio.hu\/?s={search_term_string}\"},\"query-input\":{\"@type\":\"PropertyValueSpecification\",\"valueRequired\":true,\"valueName\":\"search_term_string\"}}],\"inLanguage\":\"en-GB\"},{\"@type\":\"Organization\",\"@id\":\"https:\/\/www.lepramisszio.hu\/#organization\",\"name\":\"Lepramisszi\u00f3 - Magyarorsz\u00e1g\",\"url\":\"https:\/\/www.lepramisszio.hu\/\",\"logo\":{\"@type\":\"ImageObject\",\"inLanguage\":\"en-GB\",\"@id\":\"https:\/\/www.lepramisszio.hu\/#\/schema\/logo\/image\/\",\"url\":\"https:\/\/www.lepramisszio.hu\/wp-content\/uploads\/2020\/10\/cropped-logo-kor-2-1.png\",\"contentUrl\":\"https:\/\/www.lepramisszio.hu\/wp-content\/uploads\/2020\/10\/cropped-logo-kor-2-1.png\",\"width\":250,\"height\":226,\"caption\":\"Lepramisszi\u00f3 - Magyarorsz\u00e1g\"},\"image\":{\"@id\":\"https:\/\/www.lepramisszio.hu\/#\/schema\/logo\/image\/\"}},{\"@type\":\"Person\",\"@id\":\"https:\/\/www.lepramisszio.hu\/#\/schema\/person\/db335f3d3e2a3b56c02a537fb34f14e4\",\"name\":\"lepramisszio\",\"url\":\"https:\/\/www.lepramisszio.hu\/en\/author\/lepramisszio\/\"}]}<\/script>\n<!-- \/ Yoast SEO plugin. -->","yoast_head_json":{"title":"MEGH\u00cdV\u00d3 TAVASZI CSENDESNAPUNKRA - Lepramisszi\u00f3 - Magyarorsz\u00e1g","robots":{"index":"index","follow":"follow","max-snippet":"max-snippet:-1","max-image-preview":"max-image-preview:large","max-video-preview":"max-video-preview:-1"},"canonical":"https:\/\/www.lepramisszio.hu\/en\/m-e-g-h-v-o-tavaszi-we-we-we-we-we-we-we-we-we-we-we\/","og_locale":"en_GB","og_type":"article","og_title":"MEGH\u00cdV\u00d3 TAVASZI CSENDESNAPUNKRA - Lepramisszi\u00f3 - Magyarorsz\u00e1g","og_description":"Melyet \u00a02017. m\u00e1jus 13-\u00e1n 10 \u00f3r\u00e1t\u00f3l tartunk a Bp. XII. Ignotus u.9. sz\u00e1m alatt a V\u00e1rosmajori R\u00f3mai Katolikus Pl\u00e9b\u00e1nia\u00e9p\u00fclet el\u0151ad\u00f3term\u00e9ben.","og_url":"https:\/\/www.lepramisszio.hu\/en\/m-e-g-h-v-o-tavaszi-we-we-we-we-we-we-we-we-we-we-we\/","og_site_name":"Lepramisszi\u00f3 - Magyarorsz\u00e1g","article_published_time":"2017-04-29T19:44:03+00:00","article_modified_time":"2022-03-22T22:52:50+00:00","og_image":[{"width":211,"height":239,"url":"https:\/\/www.lepramisszio.hu\/wp-content\/uploads\/2020\/05\/molnar-maria.jpg","type":"image\/jpeg"}],"author":"lepramisszio","twitter_card":"summary_large_image","twitter_misc":{"Written by":"lepramisszio","Estimated reading time":"1 minute"},"schema":{"@context":"https:\/\/schema.org","@graph":[{"@type":"Article","@id":"https:\/\/www.lepramisszio.hu\/m-e-g-h-v-o-tavaszi-csendesnapunkra\/#article","isPartOf":{"@id":"https:\/\/www.lepramisszio.hu\/m-e-g-h-v-o-tavaszi-csendesnapunkra\/"},"author":{"name":"lepramisszio","@id":"https:\/\/www.lepramisszio.hu\/#\/schema\/person\/db335f3d3e2a3b56c02a537fb34f14e4"},"headline":"MEGH\u00cdV\u00d3 TAVASZI CSENDESNAPUNKRA","datePublished":"2017-04-29T19:44:03+00:00","dateModified":"2022-03-22T22:52:50+00:00","mainEntityOfPage":{"@id":"https:\/\/www.lepramisszio.hu\/m-e-g-h-v-o-tavaszi-csendesnapunkra\/"},"wordCount":297,"publisher":{"@id":"https:\/\/www.lepramisszio.hu\/#organization"},"image":{"@id":"https:\/\/www.lepramisszio.hu\/m-e-g-h-v-o-tavaszi-csendesnapunkra\/#primaryimage"},"thumbnailUrl":"https:\/\/www.lepramisszio.hu\/wp-content\/uploads\/2020\/05\/molnar-maria.jpg","articleSection":["H\u00cdREINK"],"inLanguage":"en-GB"},{"@type":"WebPage","@id":"https:\/\/www.lepramisszio.hu\/m-e-g-h-v-o-tavaszi-csendesnapunkra\/","url":"https:\/\/www.lepramisszio.hu\/m-e-g-h-v-o-tavaszi-csendesnapunkra\/","name":"MEGH\u00cdV\u00d3 TAVASZI CSENDESNAPUNKRA - Lepramisszi\u00f3 - Magyarorsz\u00e1g","isPartOf":{"@id":"https:\/\/www.lepramisszio.hu\/#website"},"primaryImageOfPage":{"@id":"https:\/\/www.lepramisszio.hu\/m-e-g-h-v-o-tavaszi-csendesnapunkra\/#primaryimage"},"image":{"@id":"https:\/\/www.lepramisszio.hu\/m-e-g-h-v-o-tavaszi-csendesnapunkra\/#primaryimage"},"thumbnailUrl":"https:\/\/www.lepramisszio.hu\/wp-content\/uploads\/2020\/05\/molnar-maria.jpg","datePublished":"2017-04-29T19:44:03+00:00","dateModified":"2022-03-22T22:52:50+00:00","breadcrumb":{"@id":"https:\/\/www.lepramisszio.hu\/m-e-g-h-v-o-tavaszi-csendesnapunkra\/#breadcrumb"},"inLanguage":"en-GB","potentialAction":[{"@type":"ReadAction","target":["https:\/\/www.lepramisszio.hu\/m-e-g-h-v-o-tavaszi-csendesnapunkra\/"]}]},{"@type":"ImageObject","inLanguage":"en-GB","@id":"https:\/\/www.lepramisszio.hu\/m-e-g-h-v-o-tavaszi-csendesnapunkra\/#primaryimage","url":"https:\/\/www.lepramisszio.hu\/wp-content\/uploads\/2020\/05\/molnar-maria.jpg","contentUrl":"https:\/\/www.lepramisszio.hu\/wp-content\/uploads\/2020\/05\/molnar-maria.jpg","width":211,"height":239},{"@type":"BreadcrumbList","@id":"https:\/\/www.lepramisszio.hu\/m-e-g-h-v-o-tavaszi-csendesnapunkra\/#breadcrumb","itemListElement":[{"@type":"ListItem","position":1,"name":"Home","item":"https:\/\/www.lepramisszio.hu\/"},{"@type":"ListItem","position":2,"name":"MEGH\u00cdV\u00d3 TAVASZI CSENDESNAPUNKRA"}]},{"@type":"WebSite","@id":"https:\/\/www.lepramisszio.hu\/#website","url":"https:\/\/www.lepramisszio.hu\/","name":"Lepramisszi\u00f3 - Magyarorsz\u00e1g","description":"","publisher":{"@id":"https:\/\/www.lepramisszio.hu\/#organization"},"potentialAction":[{"@type":"SearchAction","target":{"@type":"EntryPoint","urlTemplate":"https:\/\/www.lepramisszio.hu\/?s={search_term_string}"},"query-input":{"@type":"PropertyValueSpecification","valueRequired":true,"valueName":"search_term_string"}}],"inLanguage":"en-GB"},{"@type":"Organization","@id":"https:\/\/www.lepramisszio.hu\/#organization","name":"Lepramisszi\u00f3 - Magyarorsz\u00e1g","url":"https:\/\/www.lepramisszio.hu\/","logo":{"@type":"ImageObject","inLanguage":"en-GB","@id":"https:\/\/www.lepramisszio.hu\/#\/schema\/logo\/image\/","url":"https:\/\/www.lepramisszio.hu\/wp-content\/uploads\/2020\/10\/cropped-logo-kor-2-1.png","contentUrl":"https:\/\/www.lepramisszio.hu\/wp-content\/uploads\/2020\/10\/cropped-logo-kor-2-1.png","width":250,"height":226,"caption":"Lepramisszi\u00f3 - Magyarorsz\u00e1g"},"image":{"@id":"https:\/\/www.lepramisszio.hu\/#\/schema\/logo\/image\/"}},{"@type":"Person","@id":"https:\/\/www.lepramisszio.hu\/#\/schema\/person\/db335f3d3e2a3b56c02a537fb34f14e4","name":"lepramisszio","url":"https:\/\/www.lepramisszio.hu\/en\/author\/lepramisszio\/"}]}},"_links":{"self":[{"href":"https:\/\/www.lepramisszio.hu\/en\/wp-json\/wp\/v2\/posts\/1048","targetHints":{"allow":["GET"]}}],"collection":[{"href":"https:\/\/www.lepramisszio.hu\/en\/wp-json\/wp\/v2\/posts"}],"about":[{"href":"https:\/\/www.lepramisszio.hu\/en\/wp-json\/wp\/v2\/types\/post"}],"author":[{"embeddable":true,"href":"https:\/\/www.lepramisszio.hu\/en\/wp-json\/wp\/v2\/users\/1"}],"replies":[{"embeddable":true,"href":"https:\/\/www.lepramisszio.hu\/en\/wp-json\/wp\/v2\/comments?post=1048"}],"version-history":[{"count":4,"href":"https:\/\/www.lepramisszio.hu\/en\/wp-json\/wp\/v2\/posts\/1048\/revisions"}],"predecessor-version":[{"id":7153,"href":"https:\/\/www.lepramisszio.hu\/en\/wp-json\/wp\/v2\/posts\/1048\/revisions\/7153"}],"wp:featuredmedia":[{"embeddable":true,"href":"https:\/\/www.lepramisszio.hu\/en\/wp-json\/wp\/v2\/media\/2655"}],"wp:attachment":[{"href":"https:\/\/www.lepramisszio.hu\/en\/wp-json\/wp\/v2\/media?parent=1048"}],"wp:term":[{"taxonomy":"category","embeddable":true,"href":"https:\/\/www.lepramisszio.hu\/en\/wp-json\/wp\/v2\/categories?post=1048"},{"taxonomy":"post_tag","embeddable":true,"href":"https:\/\/www.lepramisszio.hu\/en\/wp-json\/wp\/v2\/tags?post=1048"}],"curies":[{"name":"wp","href":"https:\/\/api.w.org\/{rel}","templated":true}]}}