{"id":1844,"date":"2019-05-29T23:29:21","date_gmt":"2019-05-29T21:29:21","guid":{"rendered":"https:\/\/www.lepramisszio.hu\/?p=1844"},"modified":"2021-10-01T09:23:11","modified_gmt":"2021-10-01T07:23:11","slug":"2019-may-26-monorierdo-a-baptist-church-organization","status":"publish","type":"post","link":"https:\/\/www.lepramisszio.hu\/en\/2019-may-26-monorierdo-a-baptist-church-organization\/","title":{"rendered":"26 May 2019. Monorierd\u0151, event of the Baptist Church"},"content":{"rendered":"<div id='gallery-1' class='gallery galleryid-1844 gallery-columns-1 gallery-size-large'><figure class='gallery-item'>\n\t\t\t<div class='gallery-icon landscape'>\n\t\t\t\t<a href='https:\/\/www.lepramisszio.hu\/wp-content\/uploads\/2019\/05\/monorierdo4_cr.jpg'><img fetchpriority=\"high\" decoding=\"async\" width=\"660\" height=\"329\" src=\"https:\/\/www.lepramisszio.hu\/wp-content\/uploads\/2019\/05\/monorierdo4_cr-1024x511.jpg\" class=\"attachment-large size-large\" alt=\"\" srcset=\"https:\/\/www.lepramisszio.hu\/wp-content\/uploads\/2019\/05\/monorierdo4_cr-1024x511.jpg 1024w, https:\/\/www.lepramisszio.hu\/wp-content\/uploads\/2019\/05\/monorierdo4_cr-300x150.jpg 300w, https:\/\/www.lepramisszio.hu\/wp-content\/uploads\/2019\/05\/monorierdo4_cr-768x383.jpg 768w\" sizes=\"(max-width: 660px) 100vw, 660px\" \/><\/a>\n\t\t\t<\/div><\/figure><figure class='gallery-item'>\n\t\t\t<div class='gallery-icon landscape'>\n\t\t\t\t<a href='https:\/\/www.lepramisszio.hu\/wp-content\/uploads\/2019\/05\/monorierdo3.jpg'><img decoding=\"async\" width=\"660\" height=\"242\" src=\"https:\/\/www.lepramisszio.hu\/wp-content\/uploads\/2019\/05\/monorierdo3-1024x375.jpg\" class=\"attachment-large size-large\" alt=\"\" srcset=\"https:\/\/www.lepramisszio.hu\/wp-content\/uploads\/2019\/05\/monorierdo3-1024x375.jpg 1024w, https:\/\/www.lepramisszio.hu\/wp-content\/uploads\/2019\/05\/monorierdo3-300x110.jpg 300w, https:\/\/www.lepramisszio.hu\/wp-content\/uploads\/2019\/05\/monorierdo3-768x281.jpg 768w\" sizes=\"(max-width: 660px) 100vw, 660px\" \/><\/a>\n\t\t\t<\/div><\/figure><figure class='gallery-item'>\n\t\t\t<div class='gallery-icon portrait'>\n\t\t\t\t<a href='https:\/\/www.lepramisszio.hu\/wp-content\/uploads\/2021\/09\/plakat-monorierdo-724x1024-1.jpg'><img decoding=\"async\" width=\"660\" height=\"933\" src=\"https:\/\/www.lepramisszio.hu\/wp-content\/uploads\/2021\/09\/plakat-monorierdo-724x1024-1.jpg\" class=\"attachment-large size-large\" alt=\"\" srcset=\"https:\/\/www.lepramisszio.hu\/wp-content\/uploads\/2021\/09\/plakat-monorierdo-724x1024-1.jpg 724w, https:\/\/www.lepramisszio.hu\/wp-content\/uploads\/2021\/09\/plakat-monorierdo-724x1024-1-212x300.jpg 212w\" sizes=\"(max-width: 660px) 100vw, 660px\" \/><\/a>\n\t\t\t<\/div><\/figure><figure class='gallery-item'>\n\t\t\t<div class='gallery-icon landscape'>\n\t\t\t\t<a href='https:\/\/www.lepramisszio.hu\/wp-content\/uploads\/2019\/05\/monorierdo5.jpg'><img loading=\"lazy\" decoding=\"async\" width=\"660\" height=\"246\" src=\"https:\/\/www.lepramisszio.hu\/wp-content\/uploads\/2019\/05\/monorierdo5-1024x381.jpg\" class=\"attachment-large size-large\" alt=\"\" srcset=\"https:\/\/www.lepramisszio.hu\/wp-content\/uploads\/2019\/05\/monorierdo5-1024x381.jpg 1024w, https:\/\/www.lepramisszio.hu\/wp-content\/uploads\/2019\/05\/monorierdo5-300x112.jpg 300w, https:\/\/www.lepramisszio.hu\/wp-content\/uploads\/2019\/05\/monorierdo5-768x286.jpg 768w\" sizes=\"(max-width: 660px) 100vw, 660px\" \/><\/a>\n\t\t\t<\/div><\/figure>\n\t\t<\/div>","protected":false},"excerpt":{"rendered":"","protected":false},"author":1,"featured_media":0,"comment_status":"closed","ping_status":"closed","sticky":false,"template":"","format":"gallery","meta":{"footnotes":""},"categories":[38],"tags":[],"class_list":["post-1844","post","type-post","status-publish","format-gallery","hentry","category-rendezvenyeink","post_format-post-format-gallery"],"yoast_head":"<!-- This site is optimized with the Yoast SEO plugin v25.1 - https:\/\/yoast.com\/wordpress\/plugins\/seo\/ -->\n<title>2019. m\u00e1j.26. Monorierd\u0151, a Baptista Gy\u00fclekezet rendezv\u00e9nye - Lepramisszi\u00f3 - Magyarorsz\u00e1g<\/title>\n<meta name=\"robots\" content=\"index, follow, max-snippet:-1, max-image-preview:large, max-video-preview:-1\" \/>\n<link rel=\"canonical\" href=\"https:\/\/www.lepramisszio.hu\/en\/2019-may-26-monorierdo-a-baptist-church-organization\/\" \/>\n<meta property=\"og:locale\" content=\"en_GB\" \/>\n<meta property=\"og:type\" content=\"article\" \/>\n<meta property=\"og:title\" content=\"2019. m\u00e1j.26. Monorierd\u0151, a Baptista Gy\u00fclekezet rendezv\u00e9nye - Lepramisszi\u00f3 - Magyarorsz\u00e1g\" \/>\n<meta property=\"og:url\" content=\"https:\/\/www.lepramisszio.hu\/en\/2019-may-26-monorierdo-a-baptist-church-organization\/\" \/>\n<meta property=\"og:site_name\" content=\"Lepramisszi\u00f3 - Magyarorsz\u00e1g\" \/>\n<meta property=\"article:published_time\" content=\"2019-05-29T21:29:21+00:00\" \/>\n<meta property=\"article:modified_time\" content=\"2021-10-01T07:23:11+00:00\" \/>\n<meta property=\"og:image\" content=\"https:\/\/www.lepramisszio.hu\/wp-content\/uploads\/2019\/05\/monorierdo5-1024x381.jpg\" \/>\n<meta name=\"author\" content=\"lepramisszio\" \/>\n<meta name=\"twitter:card\" content=\"summary_large_image\" \/>\n<meta name=\"twitter:label1\" content=\"Written by\" \/>\n\t<meta name=\"twitter:data1\" content=\"lepramisszio\" \/>\n\t<meta name=\"twitter:label2\" content=\"Estimated reading time\" \/>\n\t<meta name=\"twitter:data2\" content=\"1 minute\" \/>\n<script type=\"application\/ld+json\" class=\"yoast-schema-graph\">{\"@context\":\"https:\/\/schema.org\",\"@graph\":[{\"@type\":\"Article\",\"@id\":\"https:\/\/www.lepramisszio.hu\/2019-maj-26-monorierdo-a-baptista-gyulekezet-rendezvenye\/#article\",\"isPartOf\":{\"@id\":\"https:\/\/www.lepramisszio.hu\/2019-maj-26-monorierdo-a-baptista-gyulekezet-rendezvenye\/\"},\"author\":{\"name\":\"lepramisszio\",\"@id\":\"https:\/\/www.lepramisszio.hu\/#\/schema\/person\/db335f3d3e2a3b56c02a537fb34f14e4\"},\"headline\":\"2019. m\u00e1j.26. Monorierd\u0151, a Baptista Gy\u00fclekezet rendezv\u00e9nye\",\"datePublished\":\"2019-05-29T21:29:21+00:00\",\"dateModified\":\"2021-10-01T07:23:11+00:00\",\"mainEntityOfPage\":{\"@id\":\"https:\/\/www.lepramisszio.hu\/2019-maj-26-monorierdo-a-baptista-gyulekezet-rendezvenye\/\"},\"wordCount\":18,\"publisher\":{\"@id\":\"https:\/\/www.lepramisszio.hu\/#organization\"},\"articleSection\":[\"Rendezv\u00e9nyeink\"],\"inLanguage\":\"en-GB\"},{\"@type\":\"WebPage\",\"@id\":\"https:\/\/www.lepramisszio.hu\/2019-maj-26-monorierdo-a-baptista-gyulekezet-rendezvenye\/\",\"url\":\"https:\/\/www.lepramisszio.hu\/2019-maj-26-monorierdo-a-baptista-gyulekezet-rendezvenye\/\",\"name\":\"2019. m\u00e1j.26. Monorierd\u0151, a Baptista Gy\u00fclekezet rendezv\u00e9nye - Lepramisszi\u00f3 - Magyarorsz\u00e1g\",\"isPartOf\":{\"@id\":\"https:\/\/www.lepramisszio.hu\/#website\"},\"datePublished\":\"2019-05-29T21:29:21+00:00\",\"dateModified\":\"2021-10-01T07:23:11+00:00\",\"breadcrumb\":{\"@id\":\"https:\/\/www.lepramisszio.hu\/2019-maj-26-monorierdo-a-baptista-gyulekezet-rendezvenye\/#breadcrumb\"},\"inLanguage\":\"en-GB\",\"potentialAction\":[{\"@type\":\"ReadAction\",\"target\":[\"https:\/\/www.lepramisszio.hu\/2019-maj-26-monorierdo-a-baptista-gyulekezet-rendezvenye\/\"]}]},{\"@type\":\"BreadcrumbList\",\"@id\":\"https:\/\/www.lepramisszio.hu\/2019-maj-26-monorierdo-a-baptista-gyulekezet-rendezvenye\/#breadcrumb\",\"itemListElement\":[{\"@type\":\"ListItem\",\"position\":1,\"name\":\"Home\",\"item\":\"https:\/\/www.lepramisszio.hu\/\"},{\"@type\":\"ListItem\",\"position\":2,\"name\":\"2019. m\u00e1j.26. Monorierd\u0151, a Baptista Gy\u00fclekezet rendezv\u00e9nye\"}]},{\"@type\":\"WebSite\",\"@id\":\"https:\/\/www.lepramisszio.hu\/#website\",\"url\":\"https:\/\/www.lepramisszio.hu\/\",\"name\":\"Lepramisszi\u00f3 - Magyarorsz\u00e1g\",\"description\":\"\",\"publisher\":{\"@id\":\"https:\/\/www.lepramisszio.hu\/#organization\"},\"potentialAction\":[{\"@type\":\"SearchAction\",\"target\":{\"@type\":\"EntryPoint\",\"urlTemplate\":\"https:\/\/www.lepramisszio.hu\/?s={search_term_string}\"},\"query-input\":{\"@type\":\"PropertyValueSpecification\",\"valueRequired\":true,\"valueName\":\"search_term_string\"}}],\"inLanguage\":\"en-GB\"},{\"@type\":\"Organization\",\"@id\":\"https:\/\/www.lepramisszio.hu\/#organization\",\"name\":\"Lepramisszi\u00f3 - Magyarorsz\u00e1g\",\"url\":\"https:\/\/www.lepramisszio.hu\/\",\"logo\":{\"@type\":\"ImageObject\",\"inLanguage\":\"en-GB\",\"@id\":\"https:\/\/www.lepramisszio.hu\/#\/schema\/logo\/image\/\",\"url\":\"https:\/\/www.lepramisszio.hu\/wp-content\/uploads\/2020\/10\/cropped-logo-kor-2-1.png\",\"contentUrl\":\"https:\/\/www.lepramisszio.hu\/wp-content\/uploads\/2020\/10\/cropped-logo-kor-2-1.png\",\"width\":250,\"height\":226,\"caption\":\"Lepramisszi\u00f3 - Magyarorsz\u00e1g\"},\"image\":{\"@id\":\"https:\/\/www.lepramisszio.hu\/#\/schema\/logo\/image\/\"}},{\"@type\":\"Person\",\"@id\":\"https:\/\/www.lepramisszio.hu\/#\/schema\/person\/db335f3d3e2a3b56c02a537fb34f14e4\",\"name\":\"lepramisszio\",\"url\":\"https:\/\/www.lepramisszio.hu\/en\/author\/lepramisszio\/\"}]}<\/script>\n<!-- \/ Yoast SEO plugin. -->","yoast_head_json":{"title":"2019. m\u00e1j.26. Monorierd\u0151, a Baptista Gy\u00fclekezet rendezv\u00e9nye - Lepramisszi\u00f3 - Magyarorsz\u00e1g","robots":{"index":"index","follow":"follow","max-snippet":"max-snippet:-1","max-image-preview":"max-image-preview:large","max-video-preview":"max-video-preview:-1"},"canonical":"https:\/\/www.lepramisszio.hu\/en\/2019-may-26-monorierdo-a-baptist-church-organization\/","og_locale":"en_GB","og_type":"article","og_title":"2019. m\u00e1j.26. Monorierd\u0151, a Baptista Gy\u00fclekezet rendezv\u00e9nye - Lepramisszi\u00f3 - Magyarorsz\u00e1g","og_url":"https:\/\/www.lepramisszio.hu\/en\/2019-may-26-monorierdo-a-baptist-church-organization\/","og_site_name":"Lepramisszi\u00f3 - Magyarorsz\u00e1g","article_published_time":"2019-05-29T21:29:21+00:00","article_modified_time":"2021-10-01T07:23:11+00:00","og_image":[{"url":"https:\/\/www.lepramisszio.hu\/wp-content\/uploads\/2019\/05\/monorierdo5-1024x381.jpg","type":"","width":"","height":""}],"author":"lepramisszio","twitter_card":"summary_large_image","twitter_misc":{"Written by":"lepramisszio","Estimated reading time":"1 minute"},"schema":{"@context":"https:\/\/schema.org","@graph":[{"@type":"Article","@id":"https:\/\/www.lepramisszio.hu\/2019-maj-26-monorierdo-a-baptista-gyulekezet-rendezvenye\/#article","isPartOf":{"@id":"https:\/\/www.lepramisszio.hu\/2019-maj-26-monorierdo-a-baptista-gyulekezet-rendezvenye\/"},"author":{"name":"lepramisszio","@id":"https:\/\/www.lepramisszio.hu\/#\/schema\/person\/db335f3d3e2a3b56c02a537fb34f14e4"},"headline":"2019. m\u00e1j.26. Monorierd\u0151, a Baptista Gy\u00fclekezet rendezv\u00e9nye","datePublished":"2019-05-29T21:29:21+00:00","dateModified":"2021-10-01T07:23:11+00:00","mainEntityOfPage":{"@id":"https:\/\/www.lepramisszio.hu\/2019-maj-26-monorierdo-a-baptista-gyulekezet-rendezvenye\/"},"wordCount":18,"publisher":{"@id":"https:\/\/www.lepramisszio.hu\/#organization"},"articleSection":["Rendezv\u00e9nyeink"],"inLanguage":"en-GB"},{"@type":"WebPage","@id":"https:\/\/www.lepramisszio.hu\/2019-maj-26-monorierdo-a-baptista-gyulekezet-rendezvenye\/","url":"https:\/\/www.lepramisszio.hu\/2019-maj-26-monorierdo-a-baptista-gyulekezet-rendezvenye\/","name":"2019. m\u00e1j.26. Monorierd\u0151, a Baptista Gy\u00fclekezet rendezv\u00e9nye - Lepramisszi\u00f3 - Magyarorsz\u00e1g","isPartOf":{"@id":"https:\/\/www.lepramisszio.hu\/#website"},"datePublished":"2019-05-29T21:29:21+00:00","dateModified":"2021-10-01T07:23:11+00:00","breadcrumb":{"@id":"https:\/\/www.lepramisszio.hu\/2019-maj-26-monorierdo-a-baptista-gyulekezet-rendezvenye\/#breadcrumb"},"inLanguage":"en-GB","potentialAction":[{"@type":"ReadAction","target":["https:\/\/www.lepramisszio.hu\/2019-maj-26-monorierdo-a-baptista-gyulekezet-rendezvenye\/"]}]},{"@type":"BreadcrumbList","@id":"https:\/\/www.lepramisszio.hu\/2019-maj-26-monorierdo-a-baptista-gyulekezet-rendezvenye\/#breadcrumb","itemListElement":[{"@type":"ListItem","position":1,"name":"Home","item":"https:\/\/www.lepramisszio.hu\/"},{"@type":"ListItem","position":2,"name":"2019. m\u00e1j.26. Monorierd\u0151, a Baptista Gy\u00fclekezet rendezv\u00e9nye"}]},{"@type":"WebSite","@id":"https:\/\/www.lepramisszio.hu\/#website","url":"https:\/\/www.lepramisszio.hu\/","name":"Lepramisszi\u00f3 - Magyarorsz\u00e1g","description":"","publisher":{"@id":"https:\/\/www.lepramisszio.hu\/#organization"},"potentialAction":[{"@type":"SearchAction","target":{"@type":"EntryPoint","urlTemplate":"https:\/\/www.lepramisszio.hu\/?s={search_term_string}"},"query-input":{"@type":"PropertyValueSpecification","valueRequired":true,"valueName":"search_term_string"}}],"inLanguage":"en-GB"},{"@type":"Organization","@id":"https:\/\/www.lepramisszio.hu\/#organization","name":"Lepramisszi\u00f3 - Magyarorsz\u00e1g","url":"https:\/\/www.lepramisszio.hu\/","logo":{"@type":"ImageObject","inLanguage":"en-GB","@id":"https:\/\/www.lepramisszio.hu\/#\/schema\/logo\/image\/","url":"https:\/\/www.lepramisszio.hu\/wp-content\/uploads\/2020\/10\/cropped-logo-kor-2-1.png","contentUrl":"https:\/\/www.lepramisszio.hu\/wp-content\/uploads\/2020\/10\/cropped-logo-kor-2-1.png","width":250,"height":226,"caption":"Lepramisszi\u00f3 - Magyarorsz\u00e1g"},"image":{"@id":"https:\/\/www.lepramisszio.hu\/#\/schema\/logo\/image\/"}},{"@type":"Person","@id":"https:\/\/www.lepramisszio.hu\/#\/schema\/person\/db335f3d3e2a3b56c02a537fb34f14e4","name":"lepramisszio","url":"https:\/\/www.lepramisszio.hu\/en\/author\/lepramisszio\/"}]}},"_links":{"self":[{"href":"https:\/\/www.lepramisszio.hu\/en\/wp-json\/wp\/v2\/posts\/1844","targetHints":{"allow":["GET"]}}],"collection":[{"href":"https:\/\/www.lepramisszio.hu\/en\/wp-json\/wp\/v2\/posts"}],"about":[{"href":"https:\/\/www.lepramisszio.hu\/en\/wp-json\/wp\/v2\/types\/post"}],"author":[{"embeddable":true,"href":"https:\/\/www.lepramisszio.hu\/en\/wp-json\/wp\/v2\/users\/1"}],"replies":[{"embeddable":true,"href":"https:\/\/www.lepramisszio.hu\/en\/wp-json\/wp\/v2\/comments?post=1844"}],"version-history":[{"count":10,"href":"https:\/\/www.lepramisszio.hu\/en\/wp-json\/wp\/v2\/posts\/1844\/revisions"}],"predecessor-version":[{"id":6005,"href":"https:\/\/www.lepramisszio.hu\/en\/wp-json\/wp\/v2\/posts\/1844\/revisions\/6005"}],"wp:attachment":[{"href":"https:\/\/www.lepramisszio.hu\/en\/wp-json\/wp\/v2\/media?parent=1844"}],"wp:term":[{"taxonomy":"category","embeddable":true,"href":"https:\/\/www.lepramisszio.hu\/en\/wp-json\/wp\/v2\/categories?post=1844"},{"taxonomy":"post_tag","embeddable":true,"href":"https:\/\/www.lepramisszio.hu\/en\/wp-json\/wp\/v2\/tags?post=1844"}],"curies":[{"name":"wp","href":"https:\/\/api.w.org\/{rel}","templated":true}]}}