{"id":1986,"date":"2019-08-26T00:07:56","date_gmt":"2019-08-25T22:07:56","guid":{"rendered":"https:\/\/www.lepramisszio.hu\/?p=1986"},"modified":"2022-03-10T12:24:20","modified_gmt":"2022-03-10T11:24:20","slug":"dijan","status":"publish","type":"post","link":"https:\/\/www.lepramisszio.hu\/en\/dijan\/","title":{"rendered":"Dijan"},"content":{"rendered":"<p>You can see it in the desperate look on little Dijan's face: he is already seven years old and already burdened by life's deepest problems!<\/p>\n<figure id=\"attachment_2106\" aria-describedby=\"caption-attachment-2106\" style=\"width: 800px\" class=\"wp-caption aligncenter\"><a href=\"https:\/\/www.lepramisszio.hu\/wp-content\/uploads\/2019\/11\/dijan-kepeslap-front.jpg\"><img fetchpriority=\"high\" decoding=\"async\" class=\"size-large wp-image-2106\" src=\"https:\/\/www.lepramisszio.hu\/wp-content\/uploads\/2019\/11\/dijan-kepeslap-front-1024x717.jpg\" alt=\"\" width=\"800\" height=\"560\" srcset=\"https:\/\/www.lepramisszio.hu\/wp-content\/uploads\/2019\/11\/dijan-kepeslap-front-1024x717.jpg 1024w, https:\/\/www.lepramisszio.hu\/wp-content\/uploads\/2019\/11\/dijan-kepeslap-front-300x210.jpg 300w, https:\/\/www.lepramisszio.hu\/wp-content\/uploads\/2019\/11\/dijan-kepeslap-front-768x537.jpg 768w, https:\/\/www.lepramisszio.hu\/wp-content\/uploads\/2019\/11\/dijan-kepeslap-front.jpg 1772w\" sizes=\"(max-width: 800px) 100vw, 800px\" \/><\/a><figcaption id=\"caption-attachment-2106\" class=\"wp-caption-text\">The spots on seven-year-old Dijan's arm from leprosy<\/figcaption><\/figure>\n<p>Last year he burnt his hand, but he felt no pain. This was the telltale sign that Dijan, like his father, had been a leper! The little boy's grief and fears prevented him from cuddling up to his mother, who has been dead for 2 years. His father works in a remote town to support the two of them and the grandmother who looks after Dijan.<\/p>\n<p>Dijan knew exactly what the first sign meant, and the telltale marks on his hands, arms and face! He also knows that the physical part of leprosy is not the worst, because his father had already been cured. It's the psychological part: being ridiculed, shunned, stigmatised, and left alone.<\/p>\n<p>Miraculously, Dijan has made it to the Premananda leprosy mission hospital in Calcutta, where he is already receiving the help he needs, along with lots of love, attention and care. His little life is now on track.<\/p>\n<p>But his colleagues are still crying for help, because every 10 minutes a child somewhere on Earth is diagnosed with leprosy!<\/p>","protected":false},"excerpt":{"rendered":"<p>The desperate look on the face of seven-year-old Dijan's postcard shows that he is already burdened by life's deepest problems because he is already seven years old and has leprosy.<\/p>","protected":false},"author":1,"featured_media":2106,"comment_status":"closed","ping_status":"closed","sticky":false,"template":"","format":"standard","meta":{"footnotes":""},"categories":[31],"tags":[],"class_list":["post-1986","post","type-post","status-publish","format-standard","has-post-thumbnail","hentry","category-tortenetek"],"yoast_head":"<!-- This site is optimized with the Yoast SEO plugin v25.1 - https:\/\/yoast.com\/wordpress\/plugins\/seo\/ -->\n<title>Dijan - Lepramisszi\u00f3 - Magyarorsz\u00e1g<\/title>\n<meta name=\"robots\" content=\"index, follow, max-snippet:-1, max-image-preview:large, max-video-preview:-1\" \/>\n<link rel=\"canonical\" href=\"https:\/\/www.lepramisszio.hu\/en\/dijan\/\" \/>\n<meta property=\"og:locale\" content=\"en_GB\" \/>\n<meta property=\"og:type\" content=\"article\" \/>\n<meta property=\"og:title\" content=\"Dijan - Lepramisszi\u00f3 - Magyarorsz\u00e1g\" \/>\n<meta property=\"og:description\" content=\"A k\u00e9peslapon l\u00e1that\u00f3 h\u00e9t\u00e9ves kis Dijan k\u00e9ts\u00e9gbeesett tekintet\u00e9n l\u00e1tszik: \u0151t az \u00e9letnek legm\u00e9lyebb gondjai nyomasztj\u00e1k m\u00e1r h\u00e9t\u00e9vesen is, mert leprafert\u0151z\u00f6tt.\" \/>\n<meta property=\"og:url\" content=\"https:\/\/www.lepramisszio.hu\/en\/dijan\/\" \/>\n<meta property=\"og:site_name\" content=\"Lepramisszi\u00f3 - Magyarorsz\u00e1g\" \/>\n<meta property=\"article:published_time\" content=\"2019-08-25T22:07:56+00:00\" \/>\n<meta property=\"article:modified_time\" content=\"2022-03-10T11:24:20+00:00\" \/>\n<meta property=\"og:image\" content=\"https:\/\/www.lepramisszio.hu\/wp-content\/uploads\/2019\/11\/dijan-kepeslap-front.jpg\" \/>\n\t<meta property=\"og:image:width\" content=\"1772\" \/>\n\t<meta property=\"og:image:height\" content=\"1240\" \/>\n\t<meta property=\"og:image:type\" content=\"image\/jpeg\" \/>\n<meta name=\"author\" content=\"lepramisszio\" \/>\n<meta name=\"twitter:card\" content=\"summary_large_image\" \/>\n<meta name=\"twitter:label1\" content=\"Written by\" \/>\n\t<meta name=\"twitter:data1\" content=\"lepramisszio\" \/>\n\t<meta name=\"twitter:label2\" content=\"Estimated reading time\" \/>\n\t<meta name=\"twitter:data2\" content=\"1 minute\" \/>\n<script type=\"application\/ld+json\" class=\"yoast-schema-graph\">{\"@context\":\"https:\/\/schema.org\",\"@graph\":[{\"@type\":\"Article\",\"@id\":\"https:\/\/www.lepramisszio.hu\/dijan\/#article\",\"isPartOf\":{\"@id\":\"https:\/\/www.lepramisszio.hu\/dijan\/\"},\"author\":{\"name\":\"lepramisszio\",\"@id\":\"https:\/\/www.lepramisszio.hu\/#\/schema\/person\/db335f3d3e2a3b56c02a537fb34f14e4\"},\"headline\":\"Dijan\",\"datePublished\":\"2019-08-25T22:07:56+00:00\",\"dateModified\":\"2022-03-10T11:24:20+00:00\",\"mainEntityOfPage\":{\"@id\":\"https:\/\/www.lepramisszio.hu\/dijan\/\"},\"wordCount\":253,\"publisher\":{\"@id\":\"https:\/\/www.lepramisszio.hu\/#organization\"},\"image\":{\"@id\":\"https:\/\/www.lepramisszio.hu\/dijan\/#primaryimage\"},\"thumbnailUrl\":\"https:\/\/www.lepramisszio.hu\/wp-content\/uploads\/2019\/11\/dijan-kepeslap-front.jpg\",\"articleSection\":[\"T\u00f6rt\u00e9netek a misszi\u00f3b\u00f3l\"],\"inLanguage\":\"en-GB\"},{\"@type\":\"WebPage\",\"@id\":\"https:\/\/www.lepramisszio.hu\/dijan\/\",\"url\":\"https:\/\/www.lepramisszio.hu\/dijan\/\",\"name\":\"Dijan - Lepramisszi\u00f3 - Magyarorsz\u00e1g\",\"isPartOf\":{\"@id\":\"https:\/\/www.lepramisszio.hu\/#website\"},\"primaryImageOfPage\":{\"@id\":\"https:\/\/www.lepramisszio.hu\/dijan\/#primaryimage\"},\"image\":{\"@id\":\"https:\/\/www.lepramisszio.hu\/dijan\/#primaryimage\"},\"thumbnailUrl\":\"https:\/\/www.lepramisszio.hu\/wp-content\/uploads\/2019\/11\/dijan-kepeslap-front.jpg\",\"datePublished\":\"2019-08-25T22:07:56+00:00\",\"dateModified\":\"2022-03-10T11:24:20+00:00\",\"breadcrumb\":{\"@id\":\"https:\/\/www.lepramisszio.hu\/dijan\/#breadcrumb\"},\"inLanguage\":\"en-GB\",\"potentialAction\":[{\"@type\":\"ReadAction\",\"target\":[\"https:\/\/www.lepramisszio.hu\/dijan\/\"]}]},{\"@type\":\"ImageObject\",\"inLanguage\":\"en-GB\",\"@id\":\"https:\/\/www.lepramisszio.hu\/dijan\/#primaryimage\",\"url\":\"https:\/\/www.lepramisszio.hu\/wp-content\/uploads\/2019\/11\/dijan-kepeslap-front.jpg\",\"contentUrl\":\"https:\/\/www.lepramisszio.hu\/wp-content\/uploads\/2019\/11\/dijan-kepeslap-front.jpg\",\"width\":1772,\"height\":1240,\"caption\":\"A h\u00e9t\u00e9ves Dijan karj\u00e1n a leprafert\u0151z\u00e9s miatti foltok\"},{\"@type\":\"BreadcrumbList\",\"@id\":\"https:\/\/www.lepramisszio.hu\/dijan\/#breadcrumb\",\"itemListElement\":[{\"@type\":\"ListItem\",\"position\":1,\"name\":\"Home\",\"item\":\"https:\/\/www.lepramisszio.hu\/\"},{\"@type\":\"ListItem\",\"position\":2,\"name\":\"Dijan\"}]},{\"@type\":\"WebSite\",\"@id\":\"https:\/\/www.lepramisszio.hu\/#website\",\"url\":\"https:\/\/www.lepramisszio.hu\/\",\"name\":\"Lepramisszi\u00f3 - Magyarorsz\u00e1g\",\"description\":\"\",\"publisher\":{\"@id\":\"https:\/\/www.lepramisszio.hu\/#organization\"},\"potentialAction\":[{\"@type\":\"SearchAction\",\"target\":{\"@type\":\"EntryPoint\",\"urlTemplate\":\"https:\/\/www.lepramisszio.hu\/?s={search_term_string}\"},\"query-input\":{\"@type\":\"PropertyValueSpecification\",\"valueRequired\":true,\"valueName\":\"search_term_string\"}}],\"inLanguage\":\"en-GB\"},{\"@type\":\"Organization\",\"@id\":\"https:\/\/www.lepramisszio.hu\/#organization\",\"name\":\"Lepramisszi\u00f3 - Magyarorsz\u00e1g\",\"url\":\"https:\/\/www.lepramisszio.hu\/\",\"logo\":{\"@type\":\"ImageObject\",\"inLanguage\":\"en-GB\",\"@id\":\"https:\/\/www.lepramisszio.hu\/#\/schema\/logo\/image\/\",\"url\":\"https:\/\/www.lepramisszio.hu\/wp-content\/uploads\/2020\/10\/cropped-logo-kor-2-1.png\",\"contentUrl\":\"https:\/\/www.lepramisszio.hu\/wp-content\/uploads\/2020\/10\/cropped-logo-kor-2-1.png\",\"width\":250,\"height\":226,\"caption\":\"Lepramisszi\u00f3 - Magyarorsz\u00e1g\"},\"image\":{\"@id\":\"https:\/\/www.lepramisszio.hu\/#\/schema\/logo\/image\/\"}},{\"@type\":\"Person\",\"@id\":\"https:\/\/www.lepramisszio.hu\/#\/schema\/person\/db335f3d3e2a3b56c02a537fb34f14e4\",\"name\":\"lepramisszio\",\"url\":\"https:\/\/www.lepramisszio.hu\/en\/author\/lepramisszio\/\"}]}<\/script>\n<!-- \/ Yoast SEO plugin. -->","yoast_head_json":{"title":"Dijan - Lepramisszi\u00f3 - Magyarorsz\u00e1g","robots":{"index":"index","follow":"follow","max-snippet":"max-snippet:-1","max-image-preview":"max-image-preview:large","max-video-preview":"max-video-preview:-1"},"canonical":"https:\/\/www.lepramisszio.hu\/en\/dijan\/","og_locale":"en_GB","og_type":"article","og_title":"Dijan - Lepramisszi\u00f3 - Magyarorsz\u00e1g","og_description":"A k\u00e9peslapon l\u00e1that\u00f3 h\u00e9t\u00e9ves kis Dijan k\u00e9ts\u00e9gbeesett tekintet\u00e9n l\u00e1tszik: \u0151t az \u00e9letnek legm\u00e9lyebb gondjai nyomasztj\u00e1k m\u00e1r h\u00e9t\u00e9vesen is, mert leprafert\u0151z\u00f6tt.","og_url":"https:\/\/www.lepramisszio.hu\/en\/dijan\/","og_site_name":"Lepramisszi\u00f3 - Magyarorsz\u00e1g","article_published_time":"2019-08-25T22:07:56+00:00","article_modified_time":"2022-03-10T11:24:20+00:00","og_image":[{"width":1772,"height":1240,"url":"https:\/\/www.lepramisszio.hu\/wp-content\/uploads\/2019\/11\/dijan-kepeslap-front.jpg","type":"image\/jpeg"}],"author":"lepramisszio","twitter_card":"summary_large_image","twitter_misc":{"Written by":"lepramisszio","Estimated reading time":"1 minute"},"schema":{"@context":"https:\/\/schema.org","@graph":[{"@type":"Article","@id":"https:\/\/www.lepramisszio.hu\/dijan\/#article","isPartOf":{"@id":"https:\/\/www.lepramisszio.hu\/dijan\/"},"author":{"name":"lepramisszio","@id":"https:\/\/www.lepramisszio.hu\/#\/schema\/person\/db335f3d3e2a3b56c02a537fb34f14e4"},"headline":"Dijan","datePublished":"2019-08-25T22:07:56+00:00","dateModified":"2022-03-10T11:24:20+00:00","mainEntityOfPage":{"@id":"https:\/\/www.lepramisszio.hu\/dijan\/"},"wordCount":253,"publisher":{"@id":"https:\/\/www.lepramisszio.hu\/#organization"},"image":{"@id":"https:\/\/www.lepramisszio.hu\/dijan\/#primaryimage"},"thumbnailUrl":"https:\/\/www.lepramisszio.hu\/wp-content\/uploads\/2019\/11\/dijan-kepeslap-front.jpg","articleSection":["T\u00f6rt\u00e9netek a misszi\u00f3b\u00f3l"],"inLanguage":"en-GB"},{"@type":"WebPage","@id":"https:\/\/www.lepramisszio.hu\/dijan\/","url":"https:\/\/www.lepramisszio.hu\/dijan\/","name":"Dijan - Lepramisszi\u00f3 - Magyarorsz\u00e1g","isPartOf":{"@id":"https:\/\/www.lepramisszio.hu\/#website"},"primaryImageOfPage":{"@id":"https:\/\/www.lepramisszio.hu\/dijan\/#primaryimage"},"image":{"@id":"https:\/\/www.lepramisszio.hu\/dijan\/#primaryimage"},"thumbnailUrl":"https:\/\/www.lepramisszio.hu\/wp-content\/uploads\/2019\/11\/dijan-kepeslap-front.jpg","datePublished":"2019-08-25T22:07:56+00:00","dateModified":"2022-03-10T11:24:20+00:00","breadcrumb":{"@id":"https:\/\/www.lepramisszio.hu\/dijan\/#breadcrumb"},"inLanguage":"en-GB","potentialAction":[{"@type":"ReadAction","target":["https:\/\/www.lepramisszio.hu\/dijan\/"]}]},{"@type":"ImageObject","inLanguage":"en-GB","@id":"https:\/\/www.lepramisszio.hu\/dijan\/#primaryimage","url":"https:\/\/www.lepramisszio.hu\/wp-content\/uploads\/2019\/11\/dijan-kepeslap-front.jpg","contentUrl":"https:\/\/www.lepramisszio.hu\/wp-content\/uploads\/2019\/11\/dijan-kepeslap-front.jpg","width":1772,"height":1240,"caption":"A h\u00e9t\u00e9ves Dijan karj\u00e1n a leprafert\u0151z\u00e9s miatti foltok"},{"@type":"BreadcrumbList","@id":"https:\/\/www.lepramisszio.hu\/dijan\/#breadcrumb","itemListElement":[{"@type":"ListItem","position":1,"name":"Home","item":"https:\/\/www.lepramisszio.hu\/"},{"@type":"ListItem","position":2,"name":"Dijan"}]},{"@type":"WebSite","@id":"https:\/\/www.lepramisszio.hu\/#website","url":"https:\/\/www.lepramisszio.hu\/","name":"Lepramisszi\u00f3 - Magyarorsz\u00e1g","description":"","publisher":{"@id":"https:\/\/www.lepramisszio.hu\/#organization"},"potentialAction":[{"@type":"SearchAction","target":{"@type":"EntryPoint","urlTemplate":"https:\/\/www.lepramisszio.hu\/?s={search_term_string}"},"query-input":{"@type":"PropertyValueSpecification","valueRequired":true,"valueName":"search_term_string"}}],"inLanguage":"en-GB"},{"@type":"Organization","@id":"https:\/\/www.lepramisszio.hu\/#organization","name":"Lepramisszi\u00f3 - Magyarorsz\u00e1g","url":"https:\/\/www.lepramisszio.hu\/","logo":{"@type":"ImageObject","inLanguage":"en-GB","@id":"https:\/\/www.lepramisszio.hu\/#\/schema\/logo\/image\/","url":"https:\/\/www.lepramisszio.hu\/wp-content\/uploads\/2020\/10\/cropped-logo-kor-2-1.png","contentUrl":"https:\/\/www.lepramisszio.hu\/wp-content\/uploads\/2020\/10\/cropped-logo-kor-2-1.png","width":250,"height":226,"caption":"Lepramisszi\u00f3 - Magyarorsz\u00e1g"},"image":{"@id":"https:\/\/www.lepramisszio.hu\/#\/schema\/logo\/image\/"}},{"@type":"Person","@id":"https:\/\/www.lepramisszio.hu\/#\/schema\/person\/db335f3d3e2a3b56c02a537fb34f14e4","name":"lepramisszio","url":"https:\/\/www.lepramisszio.hu\/en\/author\/lepramisszio\/"}]}},"_links":{"self":[{"href":"https:\/\/www.lepramisszio.hu\/en\/wp-json\/wp\/v2\/posts\/1986","targetHints":{"allow":["GET"]}}],"collection":[{"href":"https:\/\/www.lepramisszio.hu\/en\/wp-json\/wp\/v2\/posts"}],"about":[{"href":"https:\/\/www.lepramisszio.hu\/en\/wp-json\/wp\/v2\/types\/post"}],"author":[{"embeddable":true,"href":"https:\/\/www.lepramisszio.hu\/en\/wp-json\/wp\/v2\/users\/1"}],"replies":[{"embeddable":true,"href":"https:\/\/www.lepramisszio.hu\/en\/wp-json\/wp\/v2\/comments?post=1986"}],"version-history":[{"count":6,"href":"https:\/\/www.lepramisszio.hu\/en\/wp-json\/wp\/v2\/posts\/1986\/revisions"}],"predecessor-version":[{"id":7094,"href":"https:\/\/www.lepramisszio.hu\/en\/wp-json\/wp\/v2\/posts\/1986\/revisions\/7094"}],"wp:featuredmedia":[{"embeddable":true,"href":"https:\/\/www.lepramisszio.hu\/en\/wp-json\/wp\/v2\/media\/2106"}],"wp:attachment":[{"href":"https:\/\/www.lepramisszio.hu\/en\/wp-json\/wp\/v2\/media?parent=1986"}],"wp:term":[{"taxonomy":"category","embeddable":true,"href":"https:\/\/www.lepramisszio.hu\/en\/wp-json\/wp\/v2\/categories?post=1986"},{"taxonomy":"post_tag","embeddable":true,"href":"https:\/\/www.lepramisszio.hu\/en\/wp-json\/wp\/v2\/tags?post=1986"}],"curies":[{"name":"wp","href":"https:\/\/api.w.org\/{rel}","templated":true}]}}