{"id":302,"date":"2015-01-10T20:04:15","date_gmt":"2015-01-10T20:04:15","guid":{"rendered":"http:\/\/lepramisszio.lutheran.hu\/?p=302"},"modified":"2022-03-23T00:34:22","modified_gmt":"2022-03-22T23:34:22","slug":"leprasok-vilagnapja-2015-januar-25-2","status":"publish","type":"post","link":"https:\/\/www.lepramisszio.hu\/en\/leprasok-vilagnapja-2015-januar-25-2\/","title":{"rendered":"WORLD LEPROSY DAY, 25 JANUARY 2015"},"content":{"rendered":"<p><strong>M E G H I V O<\/strong><\/p>\n<p><strong>the central celebration of World Leprosy Day:\u00a0\u00a0\u00a0\u00a0\u00a0<\/strong><\/p>\n<p><strong>Sunday, 25 January 2015 at 4 pm.<\/strong><\/p>\n<p><strong>The location is the church of the Evangelical Congregation of Zugl\u00f3 (Bp. XIV. L\u0151csei u.32.) Thank you! \u00a0<\/strong><\/p>\n<p>Access: from Keleti pu. by bus no. 7, 107, from \u00d6rs vez\u00e9r t\u00e9r by tram no. 3, 62 to Bosny\u00e1k t\u00e9r.<\/p>\n<p>You can reach the church, whose spire can be seen from the square, by walking across Bosnyak Square or through the small park next to the Roman Catholic church.<\/p>\n<p><strong>In this programme, we present a film compilation of the leprosy mission in Shahdara (India), which we have been supporting for years.<\/strong><\/p>\n<p><strong>activities in the hospital and its five slums.<\/strong><\/p>\n<p><strong>A short general assembly will also be held, during which the report for 2014 will be presented.<\/strong><\/p>\n<p><strong>Everyone is welcome! Please invite others to come and get to know more about our ministry!<\/strong><\/p>","protected":false},"excerpt":{"rendered":"<p>Everyone is welcome to the church of the Evangelical Congregation of Zugl\u00f3. Please invite others to come and get to know our ministry!<\/p>","protected":false},"author":1,"featured_media":214,"comment_status":"open","ping_status":"open","sticky":false,"template":"","format":"standard","meta":{"footnotes":""},"categories":[33],"tags":[],"class_list":["post-302","post","type-post","status-publish","format-standard","has-post-thumbnail","hentry","category-hirek"],"yoast_head":"<!-- This site is optimized with the Yoast SEO plugin v25.1 - https:\/\/yoast.com\/wordpress\/plugins\/seo\/ -->\n<title>A LEPRA VIL\u00c1GNAPJA, 2015. JANU\u00c1R 25. - Lepramisszi\u00f3 - Magyarorsz\u00e1g<\/title>\n<meta name=\"robots\" content=\"index, follow, max-snippet:-1, max-image-preview:large, max-video-preview:-1\" \/>\n<link rel=\"canonical\" href=\"https:\/\/www.lepramisszio.hu\/en\/leprasok-vilagnapja-2015-januar-25-2\/\" \/>\n<meta property=\"og:locale\" content=\"en_GB\" \/>\n<meta property=\"og:type\" content=\"article\" \/>\n<meta property=\"og:title\" content=\"A LEPRA VIL\u00c1GNAPJA, 2015. JANU\u00c1R 25. - Lepramisszi\u00f3 - Magyarorsz\u00e1g\" \/>\n<meta property=\"og:description\" content=\"Mindenkit szeretettel v\u00e1runk a Zugl\u00f3i Evang\u00e9likus Gy\u00fclekezet templom\u00e1ba. K\u00e9r\u00fcnk, h\u00edvjanak m\u00e1sokat is, hogy ismerj\u00e9k meg min\u00e9l t\u00f6bben szolg\u00e1latunkat!\" \/>\n<meta property=\"og:url\" content=\"https:\/\/www.lepramisszio.hu\/en\/leprasok-vilagnapja-2015-januar-25-2\/\" \/>\n<meta property=\"og:site_name\" content=\"Lepramisszi\u00f3 - Magyarorsz\u00e1g\" \/>\n<meta property=\"article:published_time\" content=\"2015-01-10T20:04:15+00:00\" \/>\n<meta property=\"article:modified_time\" content=\"2022-03-22T23:34:22+00:00\" \/>\n<meta property=\"og:image\" content=\"https:\/\/www.lepramisszio.hu\/wp-content\/uploads\/2016\/02\/onsegito_csoport-z6d99hic6l.jpg\" \/>\n\t<meta property=\"og:image:width\" content=\"1000\" \/>\n\t<meta property=\"og:image:height\" content=\"665\" \/>\n\t<meta property=\"og:image:type\" content=\"image\/jpeg\" \/>\n<meta name=\"author\" content=\"lepramisszio\" \/>\n<meta name=\"twitter:card\" content=\"summary_large_image\" \/>\n<meta name=\"twitter:label1\" content=\"Written by\" \/>\n\t<meta name=\"twitter:data1\" content=\"lepramisszio\" \/>\n\t<meta name=\"twitter:label2\" content=\"Estimated reading time\" \/>\n\t<meta name=\"twitter:data2\" content=\"1 minute\" \/>\n<script type=\"application\/ld+json\" class=\"yoast-schema-graph\">{\"@context\":\"https:\/\/schema.org\",\"@graph\":[{\"@type\":\"Article\",\"@id\":\"https:\/\/www.lepramisszio.hu\/leprasok-vilagnapja-2015-januar-25-2\/#article\",\"isPartOf\":{\"@id\":\"https:\/\/www.lepramisszio.hu\/leprasok-vilagnapja-2015-januar-25-2\/\"},\"author\":{\"name\":\"lepramisszio\",\"@id\":\"https:\/\/www.lepramisszio.hu\/#\/schema\/person\/db335f3d3e2a3b56c02a537fb34f14e4\"},\"headline\":\"A LEPRA VIL\u00c1GNAPJA, 2015. JANU\u00c1R 25.\",\"datePublished\":\"2015-01-10T20:04:15+00:00\",\"dateModified\":\"2022-03-22T23:34:22+00:00\",\"mainEntityOfPage\":{\"@id\":\"https:\/\/www.lepramisszio.hu\/leprasok-vilagnapja-2015-januar-25-2\/\"},\"wordCount\":190,\"commentCount\":0,\"publisher\":{\"@id\":\"https:\/\/www.lepramisszio.hu\/#organization\"},\"image\":{\"@id\":\"https:\/\/www.lepramisszio.hu\/leprasok-vilagnapja-2015-januar-25-2\/#primaryimage\"},\"thumbnailUrl\":\"https:\/\/www.lepramisszio.hu\/wp-content\/uploads\/2016\/02\/onsegito_csoport-z6d99hic6l.jpg\",\"articleSection\":[\"H\u00cdREINK\"],\"inLanguage\":\"en-GB\",\"potentialAction\":[{\"@type\":\"CommentAction\",\"name\":\"Comment\",\"target\":[\"https:\/\/www.lepramisszio.hu\/leprasok-vilagnapja-2015-januar-25-2\/#respond\"]}]},{\"@type\":\"WebPage\",\"@id\":\"https:\/\/www.lepramisszio.hu\/leprasok-vilagnapja-2015-januar-25-2\/\",\"url\":\"https:\/\/www.lepramisszio.hu\/leprasok-vilagnapja-2015-januar-25-2\/\",\"name\":\"A LEPRA VIL\u00c1GNAPJA, 2015. JANU\u00c1R 25. - Lepramisszi\u00f3 - Magyarorsz\u00e1g\",\"isPartOf\":{\"@id\":\"https:\/\/www.lepramisszio.hu\/#website\"},\"primaryImageOfPage\":{\"@id\":\"https:\/\/www.lepramisszio.hu\/leprasok-vilagnapja-2015-januar-25-2\/#primaryimage\"},\"image\":{\"@id\":\"https:\/\/www.lepramisszio.hu\/leprasok-vilagnapja-2015-januar-25-2\/#primaryimage\"},\"thumbnailUrl\":\"https:\/\/www.lepramisszio.hu\/wp-content\/uploads\/2016\/02\/onsegito_csoport-z6d99hic6l.jpg\",\"datePublished\":\"2015-01-10T20:04:15+00:00\",\"dateModified\":\"2022-03-22T23:34:22+00:00\",\"breadcrumb\":{\"@id\":\"https:\/\/www.lepramisszio.hu\/leprasok-vilagnapja-2015-januar-25-2\/#breadcrumb\"},\"inLanguage\":\"en-GB\",\"potentialAction\":[{\"@type\":\"ReadAction\",\"target\":[\"https:\/\/www.lepramisszio.hu\/leprasok-vilagnapja-2015-januar-25-2\/\"]}]},{\"@type\":\"ImageObject\",\"inLanguage\":\"en-GB\",\"@id\":\"https:\/\/www.lepramisszio.hu\/leprasok-vilagnapja-2015-januar-25-2\/#primaryimage\",\"url\":\"https:\/\/www.lepramisszio.hu\/wp-content\/uploads\/2016\/02\/onsegito_csoport-z6d99hic6l.jpg\",\"contentUrl\":\"https:\/\/www.lepramisszio.hu\/wp-content\/uploads\/2016\/02\/onsegito_csoport-z6d99hic6l.jpg\",\"width\":1000,\"height\":665,\"caption\":\"\u00d6nseg\u00edt\u0151 csoport\"},{\"@type\":\"BreadcrumbList\",\"@id\":\"https:\/\/www.lepramisszio.hu\/leprasok-vilagnapja-2015-januar-25-2\/#breadcrumb\",\"itemListElement\":[{\"@type\":\"ListItem\",\"position\":1,\"name\":\"Home\",\"item\":\"https:\/\/www.lepramisszio.hu\/\"},{\"@type\":\"ListItem\",\"position\":2,\"name\":\"A LEPRA VIL\u00c1GNAPJA, 2015. JANU\u00c1R 25.\"}]},{\"@type\":\"WebSite\",\"@id\":\"https:\/\/www.lepramisszio.hu\/#website\",\"url\":\"https:\/\/www.lepramisszio.hu\/\",\"name\":\"Lepramisszi\u00f3 - Magyarorsz\u00e1g\",\"description\":\"\",\"publisher\":{\"@id\":\"https:\/\/www.lepramisszio.hu\/#organization\"},\"potentialAction\":[{\"@type\":\"SearchAction\",\"target\":{\"@type\":\"EntryPoint\",\"urlTemplate\":\"https:\/\/www.lepramisszio.hu\/?s={search_term_string}\"},\"query-input\":{\"@type\":\"PropertyValueSpecification\",\"valueRequired\":true,\"valueName\":\"search_term_string\"}}],\"inLanguage\":\"en-GB\"},{\"@type\":\"Organization\",\"@id\":\"https:\/\/www.lepramisszio.hu\/#organization\",\"name\":\"Lepramisszi\u00f3 - Magyarorsz\u00e1g\",\"url\":\"https:\/\/www.lepramisszio.hu\/\",\"logo\":{\"@type\":\"ImageObject\",\"inLanguage\":\"en-GB\",\"@id\":\"https:\/\/www.lepramisszio.hu\/#\/schema\/logo\/image\/\",\"url\":\"https:\/\/www.lepramisszio.hu\/wp-content\/uploads\/2020\/10\/cropped-logo-kor-2-1.png\",\"contentUrl\":\"https:\/\/www.lepramisszio.hu\/wp-content\/uploads\/2020\/10\/cropped-logo-kor-2-1.png\",\"width\":250,\"height\":226,\"caption\":\"Lepramisszi\u00f3 - Magyarorsz\u00e1g\"},\"image\":{\"@id\":\"https:\/\/www.lepramisszio.hu\/#\/schema\/logo\/image\/\"}},{\"@type\":\"Person\",\"@id\":\"https:\/\/www.lepramisszio.hu\/#\/schema\/person\/db335f3d3e2a3b56c02a537fb34f14e4\",\"name\":\"lepramisszio\",\"url\":\"https:\/\/www.lepramisszio.hu\/en\/author\/lepramisszio\/\"}]}<\/script>\n<!-- \/ Yoast SEO plugin. -->","yoast_head_json":{"title":"A LEPRA VIL\u00c1GNAPJA, 2015. JANU\u00c1R 25. - Lepramisszi\u00f3 - Magyarorsz\u00e1g","robots":{"index":"index","follow":"follow","max-snippet":"max-snippet:-1","max-image-preview":"max-image-preview:large","max-video-preview":"max-video-preview:-1"},"canonical":"https:\/\/www.lepramisszio.hu\/en\/leprasok-vilagnapja-2015-januar-25-2\/","og_locale":"en_GB","og_type":"article","og_title":"A LEPRA VIL\u00c1GNAPJA, 2015. JANU\u00c1R 25. - Lepramisszi\u00f3 - Magyarorsz\u00e1g","og_description":"Mindenkit szeretettel v\u00e1runk a Zugl\u00f3i Evang\u00e9likus Gy\u00fclekezet templom\u00e1ba. K\u00e9r\u00fcnk, h\u00edvjanak m\u00e1sokat is, hogy ismerj\u00e9k meg min\u00e9l t\u00f6bben szolg\u00e1latunkat!","og_url":"https:\/\/www.lepramisszio.hu\/en\/leprasok-vilagnapja-2015-januar-25-2\/","og_site_name":"Lepramisszi\u00f3 - Magyarorsz\u00e1g","article_published_time":"2015-01-10T20:04:15+00:00","article_modified_time":"2022-03-22T23:34:22+00:00","og_image":[{"width":1000,"height":665,"url":"https:\/\/www.lepramisszio.hu\/wp-content\/uploads\/2016\/02\/onsegito_csoport-z6d99hic6l.jpg","type":"image\/jpeg"}],"author":"lepramisszio","twitter_card":"summary_large_image","twitter_misc":{"Written by":"lepramisszio","Estimated reading time":"1 minute"},"schema":{"@context":"https:\/\/schema.org","@graph":[{"@type":"Article","@id":"https:\/\/www.lepramisszio.hu\/leprasok-vilagnapja-2015-januar-25-2\/#article","isPartOf":{"@id":"https:\/\/www.lepramisszio.hu\/leprasok-vilagnapja-2015-januar-25-2\/"},"author":{"name":"lepramisszio","@id":"https:\/\/www.lepramisszio.hu\/#\/schema\/person\/db335f3d3e2a3b56c02a537fb34f14e4"},"headline":"A LEPRA VIL\u00c1GNAPJA, 2015. JANU\u00c1R 25.","datePublished":"2015-01-10T20:04:15+00:00","dateModified":"2022-03-22T23:34:22+00:00","mainEntityOfPage":{"@id":"https:\/\/www.lepramisszio.hu\/leprasok-vilagnapja-2015-januar-25-2\/"},"wordCount":190,"commentCount":0,"publisher":{"@id":"https:\/\/www.lepramisszio.hu\/#organization"},"image":{"@id":"https:\/\/www.lepramisszio.hu\/leprasok-vilagnapja-2015-januar-25-2\/#primaryimage"},"thumbnailUrl":"https:\/\/www.lepramisszio.hu\/wp-content\/uploads\/2016\/02\/onsegito_csoport-z6d99hic6l.jpg","articleSection":["H\u00cdREINK"],"inLanguage":"en-GB","potentialAction":[{"@type":"CommentAction","name":"Comment","target":["https:\/\/www.lepramisszio.hu\/leprasok-vilagnapja-2015-januar-25-2\/#respond"]}]},{"@type":"WebPage","@id":"https:\/\/www.lepramisszio.hu\/leprasok-vilagnapja-2015-januar-25-2\/","url":"https:\/\/www.lepramisszio.hu\/leprasok-vilagnapja-2015-januar-25-2\/","name":"A LEPRA VIL\u00c1GNAPJA, 2015. JANU\u00c1R 25. - Lepramisszi\u00f3 - Magyarorsz\u00e1g","isPartOf":{"@id":"https:\/\/www.lepramisszio.hu\/#website"},"primaryImageOfPage":{"@id":"https:\/\/www.lepramisszio.hu\/leprasok-vilagnapja-2015-januar-25-2\/#primaryimage"},"image":{"@id":"https:\/\/www.lepramisszio.hu\/leprasok-vilagnapja-2015-januar-25-2\/#primaryimage"},"thumbnailUrl":"https:\/\/www.lepramisszio.hu\/wp-content\/uploads\/2016\/02\/onsegito_csoport-z6d99hic6l.jpg","datePublished":"2015-01-10T20:04:15+00:00","dateModified":"2022-03-22T23:34:22+00:00","breadcrumb":{"@id":"https:\/\/www.lepramisszio.hu\/leprasok-vilagnapja-2015-januar-25-2\/#breadcrumb"},"inLanguage":"en-GB","potentialAction":[{"@type":"ReadAction","target":["https:\/\/www.lepramisszio.hu\/leprasok-vilagnapja-2015-januar-25-2\/"]}]},{"@type":"ImageObject","inLanguage":"en-GB","@id":"https:\/\/www.lepramisszio.hu\/leprasok-vilagnapja-2015-januar-25-2\/#primaryimage","url":"https:\/\/www.lepramisszio.hu\/wp-content\/uploads\/2016\/02\/onsegito_csoport-z6d99hic6l.jpg","contentUrl":"https:\/\/www.lepramisszio.hu\/wp-content\/uploads\/2016\/02\/onsegito_csoport-z6d99hic6l.jpg","width":1000,"height":665,"caption":"\u00d6nseg\u00edt\u0151 csoport"},{"@type":"BreadcrumbList","@id":"https:\/\/www.lepramisszio.hu\/leprasok-vilagnapja-2015-januar-25-2\/#breadcrumb","itemListElement":[{"@type":"ListItem","position":1,"name":"Home","item":"https:\/\/www.lepramisszio.hu\/"},{"@type":"ListItem","position":2,"name":"A LEPRA VIL\u00c1GNAPJA, 2015. JANU\u00c1R 25."}]},{"@type":"WebSite","@id":"https:\/\/www.lepramisszio.hu\/#website","url":"https:\/\/www.lepramisszio.hu\/","name":"Lepramisszi\u00f3 - Magyarorsz\u00e1g","description":"","publisher":{"@id":"https:\/\/www.lepramisszio.hu\/#organization"},"potentialAction":[{"@type":"SearchAction","target":{"@type":"EntryPoint","urlTemplate":"https:\/\/www.lepramisszio.hu\/?s={search_term_string}"},"query-input":{"@type":"PropertyValueSpecification","valueRequired":true,"valueName":"search_term_string"}}],"inLanguage":"en-GB"},{"@type":"Organization","@id":"https:\/\/www.lepramisszio.hu\/#organization","name":"Lepramisszi\u00f3 - Magyarorsz\u00e1g","url":"https:\/\/www.lepramisszio.hu\/","logo":{"@type":"ImageObject","inLanguage":"en-GB","@id":"https:\/\/www.lepramisszio.hu\/#\/schema\/logo\/image\/","url":"https:\/\/www.lepramisszio.hu\/wp-content\/uploads\/2020\/10\/cropped-logo-kor-2-1.png","contentUrl":"https:\/\/www.lepramisszio.hu\/wp-content\/uploads\/2020\/10\/cropped-logo-kor-2-1.png","width":250,"height":226,"caption":"Lepramisszi\u00f3 - Magyarorsz\u00e1g"},"image":{"@id":"https:\/\/www.lepramisszio.hu\/#\/schema\/logo\/image\/"}},{"@type":"Person","@id":"https:\/\/www.lepramisszio.hu\/#\/schema\/person\/db335f3d3e2a3b56c02a537fb34f14e4","name":"lepramisszio","url":"https:\/\/www.lepramisszio.hu\/en\/author\/lepramisszio\/"}]}},"_links":{"self":[{"href":"https:\/\/www.lepramisszio.hu\/en\/wp-json\/wp\/v2\/posts\/302","targetHints":{"allow":["GET"]}}],"collection":[{"href":"https:\/\/www.lepramisszio.hu\/en\/wp-json\/wp\/v2\/posts"}],"about":[{"href":"https:\/\/www.lepramisszio.hu\/en\/wp-json\/wp\/v2\/types\/post"}],"author":[{"embeddable":true,"href":"https:\/\/www.lepramisszio.hu\/en\/wp-json\/wp\/v2\/users\/1"}],"replies":[{"embeddable":true,"href":"https:\/\/www.lepramisszio.hu\/en\/wp-json\/wp\/v2\/comments?post=302"}],"version-history":[{"count":4,"href":"https:\/\/www.lepramisszio.hu\/en\/wp-json\/wp\/v2\/posts\/302\/revisions"}],"predecessor-version":[{"id":7188,"href":"https:\/\/www.lepramisszio.hu\/en\/wp-json\/wp\/v2\/posts\/302\/revisions\/7188"}],"wp:featuredmedia":[{"embeddable":true,"href":"https:\/\/www.lepramisszio.hu\/en\/wp-json\/wp\/v2\/media\/214"}],"wp:attachment":[{"href":"https:\/\/www.lepramisszio.hu\/en\/wp-json\/wp\/v2\/media?parent=302"}],"wp:term":[{"taxonomy":"category","embeddable":true,"href":"https:\/\/www.lepramisszio.hu\/en\/wp-json\/wp\/v2\/categories?post=302"},{"taxonomy":"post_tag","embeddable":true,"href":"https:\/\/www.lepramisszio.hu\/en\/wp-json\/wp\/v2\/tags?post=302"}],"curies":[{"name":"wp","href":"https:\/\/api.w.org\/{rel}","templated":true}]}}