{"id":6762,"date":"2022-02-12T22:14:09","date_gmt":"2022-02-12T21:14:09","guid":{"rendered":"https:\/\/www.lepramisszio.hu\/?p=6762"},"modified":"2022-03-23T13:36:15","modified_gmt":"2022-03-23T12:36:15","slug":"clean-up-a-lepramisszio-magyarorszag","status":"publish","type":"post","link":"https:\/\/www.lepramisszio.hu\/en\/clean-up-a-lepramisszio-magyarorszag\/","title":{"rendered":"Renewal"},"content":{"rendered":"<p><img fetchpriority=\"high\" decoding=\"async\" class=\"size-medium wp-image-6760 aligncenter\" src=\"https:\/\/www.lepramisszio.hu\/wp-content\/uploads\/2022\/02\/Bodis-Laszlo-1-e1644700803145-248x300.jpg\" alt=\"\" width=\"248\" height=\"300\" srcset=\"https:\/\/www.lepramisszio.hu\/wp-content\/uploads\/2022\/02\/Bodis-Laszlo-1-e1644700803145-248x300.jpg 248w, https:\/\/www.lepramisszio.hu\/wp-content\/uploads\/2022\/02\/Bodis-Laszlo-1-e1644700803145-846x1024.jpg 846w, https:\/\/www.lepramisszio.hu\/wp-content\/uploads\/2022\/02\/Bodis-Laszlo-1-e1644700803145-768x929.jpg 768w, https:\/\/www.lepramisszio.hu\/wp-content\/uploads\/2022\/02\/Bodis-Laszlo-1-e1644700803145.jpg 900w\" sizes=\"(max-width: 248px) 100vw, 248px\" \/><\/p>\n<p>At the general assembly of Lepramism - Hungary at the end of January, elections were also held. The seat of the current Chairperson of the Board of Trustees, Dr. Andrea Bartha, became vacant as she had already completed the maximum term of her eligibility.<\/p>\n<p>It is with joy and gratitude that we announce that L\u00e1szl\u00f3 B\u00f3dis, Baptist pastor, has been elected President of our Mission for the period until the end of January 2023.<\/p>\n<p>L\u00e1szl\u00f3 B\u00f3dis was born in Oradea, in Partium (in the Sebes-K\u00f6r\u00f6s valley), in the village of Puszta\u00fajlak, where he was raised with his only sister. He started his elementary schooling here and continued his education in Mez\u0151telegd, Arad and then in Nagyv\u00e1rad, where he graduated from high school. He worked as a woodworker (carpenter, woodcarving, woodwork technician, restorer), creating works of art, while he also began theological studies. He completed his higher education in Oradea, Budapest (BTA), Eger and Austria.<\/p>\n<p>From childhood, as a multigenerational, living Baptist child of faith, he knew the Bible and his redeeming Lord, Jesus Christ. In his youth he received Him by faith as Lord of his life forever. Thus he has carried out his civil and church ministry with a missionary spirit to this day.<\/p>\n<p>In 1992 he became a full-time pastor in Kisv\u00e1rda. He then served as a pastor in B\u00e9k\u00e9s County, in Bakony. Today, as a retired pastor, he works and substitutes in church, social and educational areas. He and his wife Piroska were married in 1974 and the Lord gave them three children and later five grandchildren.<\/p>\n<p>During his five years as a member of the Board of Trustees, L\u00e1szl\u00f3 B\u00f3dis has demonstrated faithful and sacrificial service to the Lepramissiio - also in Hungary. We are grateful to God for his wisdom, his willingness, his serene and peaceful personality.<\/p>\n<p>We also ask God's blessing on your life and your new ministry!<\/p>\n<p>Ms M\u00e1rta Fazekas Risk\u00f3n<\/p>\n<p>Director of Lepramism - Hungary<\/p>","protected":false},"excerpt":{"rendered":"<p>It is with joy and gratitude that we announce that L\u00e1szl\u00f3 B\u00f3dis, Baptist pastor, has been elected President of our Mission for the period until the end of January 2023.<\/p>","protected":false},"author":2,"featured_media":7201,"comment_status":"closed","ping_status":"closed","sticky":false,"template":"","format":"standard","meta":{"footnotes":""},"categories":[33],"tags":[],"class_list":["post-6762","post","type-post","status-publish","format-standard","has-post-thumbnail","hentry","category-hirek"],"yoast_head":"<!-- This site is optimized with the Yoast SEO plugin v25.1 - https:\/\/yoast.com\/wordpress\/plugins\/seo\/ -->\n<title>Tiszt\u00faj\u00edt\u00e1s - Lepramisszi\u00f3 - Magyarorsz\u00e1g<\/title>\n<meta name=\"robots\" content=\"index, follow, max-snippet:-1, max-image-preview:large, max-video-preview:-1\" \/>\n<link rel=\"canonical\" href=\"https:\/\/www.lepramisszio.hu\/en\/clean-up-a-lepramisszio-magyarorszag\/\" \/>\n<meta property=\"og:locale\" content=\"en_GB\" \/>\n<meta property=\"og:type\" content=\"article\" \/>\n<meta property=\"og:title\" content=\"Tiszt\u00faj\u00edt\u00e1s - Lepramisszi\u00f3 - Magyarorsz\u00e1g\" \/>\n<meta property=\"og:description\" content=\"\u00d6r\u00f6mmel \u00e9s h\u00e1l\u00e1val adjuk h\u00edr\u00fcl, hogy a 2023. janu\u00e1r v\u00e9g\u00e9ig tart\u00f3 id\u0151szakra\u00a0B\u00f3dis L\u00e1szl\u00f3\u00a0baptista lelkip\u00e1sztor urat v\u00e1lasztotta misszi\u00f3nk az eln\u00f6k\u00e9v\u00e9.\" \/>\n<meta property=\"og:url\" content=\"https:\/\/www.lepramisszio.hu\/en\/clean-up-a-lepramisszio-magyarorszag\/\" \/>\n<meta property=\"og:site_name\" content=\"Lepramisszi\u00f3 - Magyarorsz\u00e1g\" \/>\n<meta property=\"article:published_time\" content=\"2022-02-12T21:14:09+00:00\" \/>\n<meta property=\"article:modified_time\" content=\"2022-03-23T12:36:15+00:00\" \/>\n<meta property=\"og:image\" content=\"https:\/\/www.lepramisszio.hu\/wp-content\/uploads\/2022\/03\/Bodis-Laszlo-696x928-2-e1648038937394.jpg\" \/>\n\t<meta property=\"og:image:width\" content=\"696\" \/>\n\t<meta property=\"og:image:height\" content=\"649\" \/>\n\t<meta property=\"og:image:type\" content=\"image\/jpeg\" \/>\n<meta name=\"author\" content=\"Technical Support\" \/>\n<meta name=\"twitter:card\" content=\"summary_large_image\" \/>\n<meta name=\"twitter:label1\" content=\"Written by\" \/>\n\t<meta name=\"twitter:data1\" content=\"Technical Support\" \/>\n\t<meta name=\"twitter:label2\" content=\"Estimated reading time\" \/>\n\t<meta name=\"twitter:data2\" content=\"2 minutes\" \/>\n<script type=\"application\/ld+json\" class=\"yoast-schema-graph\">{\"@context\":\"https:\/\/schema.org\",\"@graph\":[{\"@type\":\"Article\",\"@id\":\"https:\/\/www.lepramisszio.hu\/tisztujitas-a-lepramisszio-magyarorszagban\/#article\",\"isPartOf\":{\"@id\":\"https:\/\/www.lepramisszio.hu\/tisztujitas-a-lepramisszio-magyarorszagban\/\"},\"author\":{\"name\":\"Technical Support\",\"@id\":\"https:\/\/www.lepramisszio.hu\/#\/schema\/person\/65f37d90d6ec1c01a854e4d3b1574112\"},\"headline\":\"Tiszt\u00faj\u00edt\u00e1s\",\"datePublished\":\"2022-02-12T21:14:09+00:00\",\"dateModified\":\"2022-03-23T12:36:15+00:00\",\"mainEntityOfPage\":{\"@id\":\"https:\/\/www.lepramisszio.hu\/tisztujitas-a-lepramisszio-magyarorszagban\/\"},\"wordCount\":379,\"publisher\":{\"@id\":\"https:\/\/www.lepramisszio.hu\/#organization\"},\"image\":{\"@id\":\"https:\/\/www.lepramisszio.hu\/tisztujitas-a-lepramisszio-magyarorszagban\/#primaryimage\"},\"thumbnailUrl\":\"https:\/\/www.lepramisszio.hu\/wp-content\/uploads\/2022\/03\/Bodis-Laszlo-696x928-2-e1648038937394.jpg\",\"articleSection\":[\"H\u00cdREINK\"],\"inLanguage\":\"en-GB\"},{\"@type\":\"WebPage\",\"@id\":\"https:\/\/www.lepramisszio.hu\/tisztujitas-a-lepramisszio-magyarorszagban\/\",\"url\":\"https:\/\/www.lepramisszio.hu\/tisztujitas-a-lepramisszio-magyarorszagban\/\",\"name\":\"Tiszt\u00faj\u00edt\u00e1s - Lepramisszi\u00f3 - Magyarorsz\u00e1g\",\"isPartOf\":{\"@id\":\"https:\/\/www.lepramisszio.hu\/#website\"},\"primaryImageOfPage\":{\"@id\":\"https:\/\/www.lepramisszio.hu\/tisztujitas-a-lepramisszio-magyarorszagban\/#primaryimage\"},\"image\":{\"@id\":\"https:\/\/www.lepramisszio.hu\/tisztujitas-a-lepramisszio-magyarorszagban\/#primaryimage\"},\"thumbnailUrl\":\"https:\/\/www.lepramisszio.hu\/wp-content\/uploads\/2022\/03\/Bodis-Laszlo-696x928-2-e1648038937394.jpg\",\"datePublished\":\"2022-02-12T21:14:09+00:00\",\"dateModified\":\"2022-03-23T12:36:15+00:00\",\"breadcrumb\":{\"@id\":\"https:\/\/www.lepramisszio.hu\/tisztujitas-a-lepramisszio-magyarorszagban\/#breadcrumb\"},\"inLanguage\":\"en-GB\",\"potentialAction\":[{\"@type\":\"ReadAction\",\"target\":[\"https:\/\/www.lepramisszio.hu\/tisztujitas-a-lepramisszio-magyarorszagban\/\"]}]},{\"@type\":\"ImageObject\",\"inLanguage\":\"en-GB\",\"@id\":\"https:\/\/www.lepramisszio.hu\/tisztujitas-a-lepramisszio-magyarorszagban\/#primaryimage\",\"url\":\"https:\/\/www.lepramisszio.hu\/wp-content\/uploads\/2022\/03\/Bodis-Laszlo-696x928-2-e1648038937394.jpg\",\"contentUrl\":\"https:\/\/www.lepramisszio.hu\/wp-content\/uploads\/2022\/03\/Bodis-Laszlo-696x928-2-e1648038937394.jpg\",\"width\":696,\"height\":649},{\"@type\":\"BreadcrumbList\",\"@id\":\"https:\/\/www.lepramisszio.hu\/tisztujitas-a-lepramisszio-magyarorszagban\/#breadcrumb\",\"itemListElement\":[{\"@type\":\"ListItem\",\"position\":1,\"name\":\"Home\",\"item\":\"https:\/\/www.lepramisszio.hu\/\"},{\"@type\":\"ListItem\",\"position\":2,\"name\":\"Tiszt\u00faj\u00edt\u00e1s\"}]},{\"@type\":\"WebSite\",\"@id\":\"https:\/\/www.lepramisszio.hu\/#website\",\"url\":\"https:\/\/www.lepramisszio.hu\/\",\"name\":\"Lepramisszi\u00f3 - Magyarorsz\u00e1g\",\"description\":\"\",\"publisher\":{\"@id\":\"https:\/\/www.lepramisszio.hu\/#organization\"},\"potentialAction\":[{\"@type\":\"SearchAction\",\"target\":{\"@type\":\"EntryPoint\",\"urlTemplate\":\"https:\/\/www.lepramisszio.hu\/?s={search_term_string}\"},\"query-input\":{\"@type\":\"PropertyValueSpecification\",\"valueRequired\":true,\"valueName\":\"search_term_string\"}}],\"inLanguage\":\"en-GB\"},{\"@type\":\"Organization\",\"@id\":\"https:\/\/www.lepramisszio.hu\/#organization\",\"name\":\"Lepramisszi\u00f3 - Magyarorsz\u00e1g\",\"url\":\"https:\/\/www.lepramisszio.hu\/\",\"logo\":{\"@type\":\"ImageObject\",\"inLanguage\":\"en-GB\",\"@id\":\"https:\/\/www.lepramisszio.hu\/#\/schema\/logo\/image\/\",\"url\":\"https:\/\/www.lepramisszio.hu\/wp-content\/uploads\/2020\/10\/cropped-logo-kor-2-1.png\",\"contentUrl\":\"https:\/\/www.lepramisszio.hu\/wp-content\/uploads\/2020\/10\/cropped-logo-kor-2-1.png\",\"width\":250,\"height\":226,\"caption\":\"Lepramisszi\u00f3 - Magyarorsz\u00e1g\"},\"image\":{\"@id\":\"https:\/\/www.lepramisszio.hu\/#\/schema\/logo\/image\/\"}},{\"@type\":\"Person\",\"@id\":\"https:\/\/www.lepramisszio.hu\/#\/schema\/person\/65f37d90d6ec1c01a854e4d3b1574112\",\"name\":\"Technical Support\",\"url\":\"https:\/\/www.lepramisszio.hu\/en\/author\/techsupport\/\"}]}<\/script>\n<!-- \/ Yoast SEO plugin. -->","yoast_head_json":{"title":"Tiszt\u00faj\u00edt\u00e1s - Lepramisszi\u00f3 - Magyarorsz\u00e1g","robots":{"index":"index","follow":"follow","max-snippet":"max-snippet:-1","max-image-preview":"max-image-preview:large","max-video-preview":"max-video-preview:-1"},"canonical":"https:\/\/www.lepramisszio.hu\/en\/clean-up-a-lepramisszio-magyarorszag\/","og_locale":"en_GB","og_type":"article","og_title":"Tiszt\u00faj\u00edt\u00e1s - Lepramisszi\u00f3 - Magyarorsz\u00e1g","og_description":"\u00d6r\u00f6mmel \u00e9s h\u00e1l\u00e1val adjuk h\u00edr\u00fcl, hogy a 2023. janu\u00e1r v\u00e9g\u00e9ig tart\u00f3 id\u0151szakra\u00a0B\u00f3dis L\u00e1szl\u00f3\u00a0baptista lelkip\u00e1sztor urat v\u00e1lasztotta misszi\u00f3nk az eln\u00f6k\u00e9v\u00e9.","og_url":"https:\/\/www.lepramisszio.hu\/en\/clean-up-a-lepramisszio-magyarorszag\/","og_site_name":"Lepramisszi\u00f3 - Magyarorsz\u00e1g","article_published_time":"2022-02-12T21:14:09+00:00","article_modified_time":"2022-03-23T12:36:15+00:00","og_image":[{"width":696,"height":649,"url":"https:\/\/www.lepramisszio.hu\/wp-content\/uploads\/2022\/03\/Bodis-Laszlo-696x928-2-e1648038937394.jpg","type":"image\/jpeg"}],"author":"Technical Support","twitter_card":"summary_large_image","twitter_misc":{"Written by":"Technical Support","Estimated reading time":"2 minutes"},"schema":{"@context":"https:\/\/schema.org","@graph":[{"@type":"Article","@id":"https:\/\/www.lepramisszio.hu\/tisztujitas-a-lepramisszio-magyarorszagban\/#article","isPartOf":{"@id":"https:\/\/www.lepramisszio.hu\/tisztujitas-a-lepramisszio-magyarorszagban\/"},"author":{"name":"Technical Support","@id":"https:\/\/www.lepramisszio.hu\/#\/schema\/person\/65f37d90d6ec1c01a854e4d3b1574112"},"headline":"Tiszt\u00faj\u00edt\u00e1s","datePublished":"2022-02-12T21:14:09+00:00","dateModified":"2022-03-23T12:36:15+00:00","mainEntityOfPage":{"@id":"https:\/\/www.lepramisszio.hu\/tisztujitas-a-lepramisszio-magyarorszagban\/"},"wordCount":379,"publisher":{"@id":"https:\/\/www.lepramisszio.hu\/#organization"},"image":{"@id":"https:\/\/www.lepramisszio.hu\/tisztujitas-a-lepramisszio-magyarorszagban\/#primaryimage"},"thumbnailUrl":"https:\/\/www.lepramisszio.hu\/wp-content\/uploads\/2022\/03\/Bodis-Laszlo-696x928-2-e1648038937394.jpg","articleSection":["H\u00cdREINK"],"inLanguage":"en-GB"},{"@type":"WebPage","@id":"https:\/\/www.lepramisszio.hu\/tisztujitas-a-lepramisszio-magyarorszagban\/","url":"https:\/\/www.lepramisszio.hu\/tisztujitas-a-lepramisszio-magyarorszagban\/","name":"Tiszt\u00faj\u00edt\u00e1s - Lepramisszi\u00f3 - Magyarorsz\u00e1g","isPartOf":{"@id":"https:\/\/www.lepramisszio.hu\/#website"},"primaryImageOfPage":{"@id":"https:\/\/www.lepramisszio.hu\/tisztujitas-a-lepramisszio-magyarorszagban\/#primaryimage"},"image":{"@id":"https:\/\/www.lepramisszio.hu\/tisztujitas-a-lepramisszio-magyarorszagban\/#primaryimage"},"thumbnailUrl":"https:\/\/www.lepramisszio.hu\/wp-content\/uploads\/2022\/03\/Bodis-Laszlo-696x928-2-e1648038937394.jpg","datePublished":"2022-02-12T21:14:09+00:00","dateModified":"2022-03-23T12:36:15+00:00","breadcrumb":{"@id":"https:\/\/www.lepramisszio.hu\/tisztujitas-a-lepramisszio-magyarorszagban\/#breadcrumb"},"inLanguage":"en-GB","potentialAction":[{"@type":"ReadAction","target":["https:\/\/www.lepramisszio.hu\/tisztujitas-a-lepramisszio-magyarorszagban\/"]}]},{"@type":"ImageObject","inLanguage":"en-GB","@id":"https:\/\/www.lepramisszio.hu\/tisztujitas-a-lepramisszio-magyarorszagban\/#primaryimage","url":"https:\/\/www.lepramisszio.hu\/wp-content\/uploads\/2022\/03\/Bodis-Laszlo-696x928-2-e1648038937394.jpg","contentUrl":"https:\/\/www.lepramisszio.hu\/wp-content\/uploads\/2022\/03\/Bodis-Laszlo-696x928-2-e1648038937394.jpg","width":696,"height":649},{"@type":"BreadcrumbList","@id":"https:\/\/www.lepramisszio.hu\/tisztujitas-a-lepramisszio-magyarorszagban\/#breadcrumb","itemListElement":[{"@type":"ListItem","position":1,"name":"Home","item":"https:\/\/www.lepramisszio.hu\/"},{"@type":"ListItem","position":2,"name":"Tiszt\u00faj\u00edt\u00e1s"}]},{"@type":"WebSite","@id":"https:\/\/www.lepramisszio.hu\/#website","url":"https:\/\/www.lepramisszio.hu\/","name":"Lepramisszi\u00f3 - Magyarorsz\u00e1g","description":"","publisher":{"@id":"https:\/\/www.lepramisszio.hu\/#organization"},"potentialAction":[{"@type":"SearchAction","target":{"@type":"EntryPoint","urlTemplate":"https:\/\/www.lepramisszio.hu\/?s={search_term_string}"},"query-input":{"@type":"PropertyValueSpecification","valueRequired":true,"valueName":"search_term_string"}}],"inLanguage":"en-GB"},{"@type":"Organization","@id":"https:\/\/www.lepramisszio.hu\/#organization","name":"Lepramisszi\u00f3 - Magyarorsz\u00e1g","url":"https:\/\/www.lepramisszio.hu\/","logo":{"@type":"ImageObject","inLanguage":"en-GB","@id":"https:\/\/www.lepramisszio.hu\/#\/schema\/logo\/image\/","url":"https:\/\/www.lepramisszio.hu\/wp-content\/uploads\/2020\/10\/cropped-logo-kor-2-1.png","contentUrl":"https:\/\/www.lepramisszio.hu\/wp-content\/uploads\/2020\/10\/cropped-logo-kor-2-1.png","width":250,"height":226,"caption":"Lepramisszi\u00f3 - Magyarorsz\u00e1g"},"image":{"@id":"https:\/\/www.lepramisszio.hu\/#\/schema\/logo\/image\/"}},{"@type":"Person","@id":"https:\/\/www.lepramisszio.hu\/#\/schema\/person\/65f37d90d6ec1c01a854e4d3b1574112","name":"Technical Support","url":"https:\/\/www.lepramisszio.hu\/en\/author\/techsupport\/"}]}},"_links":{"self":[{"href":"https:\/\/www.lepramisszio.hu\/en\/wp-json\/wp\/v2\/posts\/6762","targetHints":{"allow":["GET"]}}],"collection":[{"href":"https:\/\/www.lepramisszio.hu\/en\/wp-json\/wp\/v2\/posts"}],"about":[{"href":"https:\/\/www.lepramisszio.hu\/en\/wp-json\/wp\/v2\/types\/post"}],"author":[{"embeddable":true,"href":"https:\/\/www.lepramisszio.hu\/en\/wp-json\/wp\/v2\/users\/2"}],"replies":[{"embeddable":true,"href":"https:\/\/www.lepramisszio.hu\/en\/wp-json\/wp\/v2\/comments?post=6762"}],"version-history":[{"count":7,"href":"https:\/\/www.lepramisszio.hu\/en\/wp-json\/wp\/v2\/posts\/6762\/revisions"}],"predecessor-version":[{"id":7197,"href":"https:\/\/www.lepramisszio.hu\/en\/wp-json\/wp\/v2\/posts\/6762\/revisions\/7197"}],"wp:featuredmedia":[{"embeddable":true,"href":"https:\/\/www.lepramisszio.hu\/en\/wp-json\/wp\/v2\/media\/7201"}],"wp:attachment":[{"href":"https:\/\/www.lepramisszio.hu\/en\/wp-json\/wp\/v2\/media?parent=6762"}],"wp:term":[{"taxonomy":"category","embeddable":true,"href":"https:\/\/www.lepramisszio.hu\/en\/wp-json\/wp\/v2\/categories?post=6762"},{"taxonomy":"post_tag","embeddable":true,"href":"https:\/\/www.lepramisszio.hu\/en\/wp-json\/wp\/v2\/tags?post=6762"}],"curies":[{"name":"wp","href":"https:\/\/api.w.org\/{rel}","templated":true}]}}