{"id":8243,"date":"2023-07-18T22:20:05","date_gmt":"2023-07-18T20:20:05","guid":{"rendered":"https:\/\/www.lepramisszio.hu\/?p=8243"},"modified":"2023-07-29T15:50:27","modified_gmt":"2023-07-29T13:50:27","slug":"2023-evi-tavaszi-munkatarsi-day","status":"publish","type":"post","link":"https:\/\/www.lepramisszio.hu\/en\/2023-evi-tavaszi-munkatarsi-day\/","title":{"rendered":"Our spring staff day 2023"},"content":{"rendered":"<p>Our spring staff day on June 3, 2023, which was held in the church of the Reformed Congregation of Bp-Turk\u0151r, was also joyful, cheerful and dedicated. Thank you again for the venue!<\/p>\n<p>We are grateful for our volunteers, whose numbers are not even fully known in all parts of the country! They serve with endless love, loyalty and humility, whether as a community leprosy liaison, or as an advertiser, and as a trusted host of many other activities.<\/p>\n<p>Those who came were able to see the situation of our projects in Congo, Bangladesh, India and Myanmar. The presentation gave us an insight into the difficult situation in these countries, the heroic sacrifices of our staff and, above all, the great need for help! M\u00e1rta Risk\u00f3n\u00e9 Fazekas, Director, informed about our commitments and asked for the help of those present to raise the remaining funds according to their own possibilities.<\/p>\n<p>Study work followed in groups on the basis of the following questions: 1. Why do I support the activities of Lepramism - Hungary with my work, my prayers, my material goods?  2. 3. What opportunities do I see for further fundraising?<\/p>\n<p><img fetchpriority=\"high\" decoding=\"async\" class=\"aligncenter wp-image-8235 size-full\" src=\"https:\/\/www.lepramisszio.hu\/wp-content\/uploads\/2023\/07\/Kep1.jpg\" alt=\"\" width=\"426\" height=\"568\" srcset=\"https:\/\/www.lepramisszio.hu\/wp-content\/uploads\/2023\/07\/Kep1.jpg 426w, https:\/\/www.lepramisszio.hu\/wp-content\/uploads\/2023\/07\/Kep1-225x300.jpg 225w, https:\/\/www.lepramisszio.hu\/wp-content\/uploads\/2023\/07\/Kep1-9x12.jpg 9w\" sizes=\"(max-width: 426px) 100vw, 426px\" \/><\/p>\n<p><img decoding=\"async\" class=\"aligncenter wp-image-8236 size-full\" src=\"https:\/\/www.lepramisszio.hu\/wp-content\/uploads\/2023\/07\/Kep2.jpg\" alt=\"\" width=\"398\" height=\"530\" srcset=\"https:\/\/www.lepramisszio.hu\/wp-content\/uploads\/2023\/07\/Kep2.jpg 398w, https:\/\/www.lepramisszio.hu\/wp-content\/uploads\/2023\/07\/Kep2-225x300.jpg 225w, https:\/\/www.lepramisszio.hu\/wp-content\/uploads\/2023\/07\/Kep2-9x12.jpg 9w\" sizes=\"(max-width: 398px) 100vw, 398px\" \/><\/p>\n<p><img decoding=\"async\" class=\"aligncenter wp-image-8237 size-full\" src=\"https:\/\/www.lepramisszio.hu\/wp-content\/uploads\/2023\/07\/Kep3.jpg\" alt=\"\" width=\"600\" height=\"450\" srcset=\"https:\/\/www.lepramisszio.hu\/wp-content\/uploads\/2023\/07\/Kep3.jpg 600w, https:\/\/www.lepramisszio.hu\/wp-content\/uploads\/2023\/07\/Kep3-300x225.jpg 300w, https:\/\/www.lepramisszio.hu\/wp-content\/uploads\/2023\/07\/Kep3-16x12.jpg 16w\" sizes=\"(max-width: 600px) 100vw, 600px\" \/><\/p>\n<p><img loading=\"lazy\" decoding=\"async\" class=\"aligncenter wp-image-8238 size-full\" src=\"https:\/\/www.lepramisszio.hu\/wp-content\/uploads\/2023\/07\/Kep4.jpg\" alt=\"\" width=\"592\" height=\"444\" srcset=\"https:\/\/www.lepramisszio.hu\/wp-content\/uploads\/2023\/07\/Kep4.jpg 592w, https:\/\/www.lepramisszio.hu\/wp-content\/uploads\/2023\/07\/Kep4-300x225.jpg 300w, https:\/\/www.lepramisszio.hu\/wp-content\/uploads\/2023\/07\/Kep4-16x12.jpg 16w\" sizes=\"(max-width: 592px) 100vw, 592px\" \/><\/p>\n<p><img loading=\"lazy\" decoding=\"async\" class=\"aligncenter wp-image-8239 size-full\" src=\"https:\/\/www.lepramisszio.hu\/wp-content\/uploads\/2023\/07\/Kep5.jpg\" alt=\"\" width=\"595\" height=\"446\" srcset=\"https:\/\/www.lepramisszio.hu\/wp-content\/uploads\/2023\/07\/Kep5.jpg 595w, https:\/\/www.lepramisszio.hu\/wp-content\/uploads\/2023\/07\/Kep5-300x225.jpg 300w, https:\/\/www.lepramisszio.hu\/wp-content\/uploads\/2023\/07\/Kep5-16x12.jpg 16w\" sizes=\"(max-width: 595px) 100vw, 595px\" \/><\/p>\n<p>Lively, very meaningful and valuable discussions took place in the groups, with feedback given verbally and in writing by the group leaders: the group leaders Margit M\u00fcllnern\u00e9 Szab\u00f3, Edit Peinlich, \u00c9va Sepsi, L\u00e1szl\u00f3 Szalkay.<\/p>\n<p><img loading=\"lazy\" decoding=\"async\" class=\"aligncenter wp-image-8240 size-full\" src=\"https:\/\/www.lepramisszio.hu\/wp-content\/uploads\/2023\/07\/Kep6.jpg\" alt=\"\" width=\"852\" height=\"467\" srcset=\"https:\/\/www.lepramisszio.hu\/wp-content\/uploads\/2023\/07\/Kep6.jpg 852w, https:\/\/www.lepramisszio.hu\/wp-content\/uploads\/2023\/07\/Kep6-300x164.jpg 300w, https:\/\/www.lepramisszio.hu\/wp-content\/uploads\/2023\/07\/Kep6-768x421.jpg 768w, https:\/\/www.lepramisszio.hu\/wp-content\/uploads\/2023\/07\/Kep6-18x10.jpg 18w\" sizes=\"(max-width: 852px) 100vw, 852px\" \/><\/p>\n<p style=\"text-align: center;\"><em>(from left to right) L\u00e1szl\u00f3 Szalkay, Edit Peinlich, Margit M\u00fcllnern\u00e9 Szab\u00f3, \u00c9va Sepsi, M\u00e1rta Risk\u00f3n\u00e9 Fazekas<\/em><\/p>\n<p>Margit M\u00fcllnern\u00e9 Szab\u00f3's beautiful poetry recitation and several joint singing sessions enriched the programme, in which Dr. \u00c1goston Dobos also joined on the violin.<\/p>\n<p><img loading=\"lazy\" decoding=\"async\" class=\"aligncenter wp-image-8241 size-full\" src=\"https:\/\/www.lepramisszio.hu\/wp-content\/uploads\/2023\/07\/Kep7.jpg\" alt=\"\" width=\"356\" height=\"475\" srcset=\"https:\/\/www.lepramisszio.hu\/wp-content\/uploads\/2023\/07\/Kep7.jpg 356w, https:\/\/www.lepramisszio.hu\/wp-content\/uploads\/2023\/07\/Kep7-225x300.jpg 225w, https:\/\/www.lepramisszio.hu\/wp-content\/uploads\/2023\/07\/Kep7-9x12.jpg 9w\" sizes=\"(max-width: 356px) 100vw, 356px\" \/><\/p>\n<p style=\"text-align: center;\"><em>L\u00e1szl\u00f3 Szalkay<\/em><\/p>\n<p>A short general meeting was held, chaired by L\u00e1szl\u00f3 B\u00f3dis, chairman of the Board of Trustees, as one of our trustees: L\u00e1szl\u00f3 Szalkay, having exhausted all possible re-election options, has served out his term of office.<\/p>\n<p>This, and the earlier resignation of another trustee, made it necessary to elect new candidates for two seats. Dr. \u00c9va Ken\u00e9z, a medical doctor, and Ferenc Dombi, a Reformed pastor, have accepted to serve, and we thank them for their willingness.<\/p>\n<p><img loading=\"lazy\" decoding=\"async\" class=\"aligncenter wp-image-8242 size-full\" src=\"https:\/\/www.lepramisszio.hu\/wp-content\/uploads\/2023\/07\/Kep8.jpg\" alt=\"\" width=\"369\" height=\"492\" srcset=\"https:\/\/www.lepramisszio.hu\/wp-content\/uploads\/2023\/07\/Kep8.jpg 369w, https:\/\/www.lepramisszio.hu\/wp-content\/uploads\/2023\/07\/Kep8-225x300.jpg 225w, https:\/\/www.lepramisszio.hu\/wp-content\/uploads\/2023\/07\/Kep8-9x12.jpg 9w\" sizes=\"(max-width: 369px) 100vw, 369px\" \/><\/p>\n<p style=\"text-align: center;\"><em>Dr. \u00c9va Ken\u00e9z and Ferenc Dombi<\/em><\/p>\n<p>After a delicious snack of good hospitality, we were together in informal conversation for a long time.<\/p>\n<p>Thank you to our volunteers who, through their many sacrifices, help many, many patients to recover and make the world a better place! God bless you all!<\/p>","protected":false},"excerpt":{"rendered":"<p>Our spring staff day on June 3, 2023, which was held in the church of the Reformed Congregation of Bp-Turk\u0151r, was also joyful, cheerful and dedicated.<\/p>","protected":false},"author":2,"featured_media":8239,"comment_status":"closed","ping_status":"closed","sticky":false,"template":"","format":"standard","meta":{"footnotes":""},"categories":[33],"tags":[],"class_list":["post-8243","post","type-post","status-publish","format-standard","has-post-thumbnail","hentry","category-hirek"],"yoast_head":"<!-- This site is optimized with the Yoast SEO plugin v25.1 - https:\/\/yoast.com\/wordpress\/plugins\/seo\/ -->\n<title>2023. \u00e9vi tavaszi munkat\u00e1rsi napunk - Lepramisszi\u00f3 - Magyarorsz\u00e1g<\/title>\n<meta name=\"robots\" content=\"index, follow, max-snippet:-1, max-image-preview:large, max-video-preview:-1\" \/>\n<link rel=\"canonical\" href=\"https:\/\/www.lepramisszio.hu\/en\/2023-evi-tavaszi-munkatarsi-day\/\" \/>\n<meta property=\"og:locale\" content=\"en_GB\" \/>\n<meta property=\"og:type\" content=\"article\" \/>\n<meta property=\"og:title\" content=\"2023. \u00e9vi tavaszi munkat\u00e1rsi napunk - Lepramisszi\u00f3 - Magyarorsz\u00e1g\" \/>\n<meta property=\"og:description\" content=\"\u00d6r\u00f6mteli, vid\u00e1m \u00e9s odaad\u00f3 l\u00e9gk\u00f6rben telt 2023. j\u00fanius 3-\u00e1n tavaszi munkat\u00e1rsi napunk is, melyet a Bp- T\u00f6r\u00f6k\u0151ri Reform\u00e1tus Gy\u00fclekezet templom\u00e1ban tarthattunk.\" \/>\n<meta property=\"og:url\" content=\"https:\/\/www.lepramisszio.hu\/en\/2023-evi-tavaszi-munkatarsi-day\/\" \/>\n<meta property=\"og:site_name\" content=\"Lepramisszi\u00f3 - Magyarorsz\u00e1g\" \/>\n<meta property=\"article:published_time\" content=\"2023-07-18T20:20:05+00:00\" \/>\n<meta property=\"article:modified_time\" content=\"2023-07-29T13:50:27+00:00\" \/>\n<meta property=\"og:image\" content=\"https:\/\/www.lepramisszio.hu\/wp-content\/uploads\/2023\/07\/Kep5.jpg\" \/>\n\t<meta property=\"og:image:width\" content=\"595\" \/>\n\t<meta property=\"og:image:height\" content=\"446\" \/>\n\t<meta property=\"og:image:type\" content=\"image\/jpeg\" \/>\n<meta name=\"author\" content=\"Technical Support\" \/>\n<meta name=\"twitter:card\" content=\"summary_large_image\" \/>\n<meta name=\"twitter:label1\" content=\"Written by\" \/>\n\t<meta name=\"twitter:data1\" content=\"Technical Support\" \/>\n\t<meta name=\"twitter:label2\" content=\"Estimated reading time\" \/>\n\t<meta name=\"twitter:data2\" content=\"3 minutes\" \/>\n<script type=\"application\/ld+json\" class=\"yoast-schema-graph\">{\"@context\":\"https:\/\/schema.org\",\"@graph\":[{\"@type\":\"Article\",\"@id\":\"https:\/\/www.lepramisszio.hu\/2023-evi-tavaszi-munkatarsi-napunk\/#article\",\"isPartOf\":{\"@id\":\"https:\/\/www.lepramisszio.hu\/2023-evi-tavaszi-munkatarsi-napunk\/\"},\"author\":{\"name\":\"Technical Support\",\"@id\":\"https:\/\/www.lepramisszio.hu\/#\/schema\/person\/65f37d90d6ec1c01a854e4d3b1574112\"},\"headline\":\"2023. \u00e9vi tavaszi munkat\u00e1rsi napunk\",\"datePublished\":\"2023-07-18T20:20:05+00:00\",\"dateModified\":\"2023-07-29T13:50:27+00:00\",\"mainEntityOfPage\":{\"@id\":\"https:\/\/www.lepramisszio.hu\/2023-evi-tavaszi-munkatarsi-napunk\/\"},\"wordCount\":527,\"publisher\":{\"@id\":\"https:\/\/www.lepramisszio.hu\/#organization\"},\"image\":{\"@id\":\"https:\/\/www.lepramisszio.hu\/2023-evi-tavaszi-munkatarsi-napunk\/#primaryimage\"},\"thumbnailUrl\":\"https:\/\/www.lepramisszio.hu\/wp-content\/uploads\/2023\/07\/Kep5.jpg\",\"articleSection\":[\"H\u00cdREINK\"],\"inLanguage\":\"en-GB\"},{\"@type\":\"WebPage\",\"@id\":\"https:\/\/www.lepramisszio.hu\/2023-evi-tavaszi-munkatarsi-napunk\/\",\"url\":\"https:\/\/www.lepramisszio.hu\/2023-evi-tavaszi-munkatarsi-napunk\/\",\"name\":\"2023. \u00e9vi tavaszi munkat\u00e1rsi napunk - Lepramisszi\u00f3 - Magyarorsz\u00e1g\",\"isPartOf\":{\"@id\":\"https:\/\/www.lepramisszio.hu\/#website\"},\"primaryImageOfPage\":{\"@id\":\"https:\/\/www.lepramisszio.hu\/2023-evi-tavaszi-munkatarsi-napunk\/#primaryimage\"},\"image\":{\"@id\":\"https:\/\/www.lepramisszio.hu\/2023-evi-tavaszi-munkatarsi-napunk\/#primaryimage\"},\"thumbnailUrl\":\"https:\/\/www.lepramisszio.hu\/wp-content\/uploads\/2023\/07\/Kep5.jpg\",\"datePublished\":\"2023-07-18T20:20:05+00:00\",\"dateModified\":\"2023-07-29T13:50:27+00:00\",\"breadcrumb\":{\"@id\":\"https:\/\/www.lepramisszio.hu\/2023-evi-tavaszi-munkatarsi-napunk\/#breadcrumb\"},\"inLanguage\":\"en-GB\",\"potentialAction\":[{\"@type\":\"ReadAction\",\"target\":[\"https:\/\/www.lepramisszio.hu\/2023-evi-tavaszi-munkatarsi-napunk\/\"]}]},{\"@type\":\"ImageObject\",\"inLanguage\":\"en-GB\",\"@id\":\"https:\/\/www.lepramisszio.hu\/2023-evi-tavaszi-munkatarsi-napunk\/#primaryimage\",\"url\":\"https:\/\/www.lepramisszio.hu\/wp-content\/uploads\/2023\/07\/Kep5.jpg\",\"contentUrl\":\"https:\/\/www.lepramisszio.hu\/wp-content\/uploads\/2023\/07\/Kep5.jpg\",\"width\":595,\"height\":446},{\"@type\":\"BreadcrumbList\",\"@id\":\"https:\/\/www.lepramisszio.hu\/2023-evi-tavaszi-munkatarsi-napunk\/#breadcrumb\",\"itemListElement\":[{\"@type\":\"ListItem\",\"position\":1,\"name\":\"Home\",\"item\":\"https:\/\/www.lepramisszio.hu\/\"},{\"@type\":\"ListItem\",\"position\":2,\"name\":\"2023. \u00e9vi tavaszi munkat\u00e1rsi napunk\"}]},{\"@type\":\"WebSite\",\"@id\":\"https:\/\/www.lepramisszio.hu\/#website\",\"url\":\"https:\/\/www.lepramisszio.hu\/\",\"name\":\"Lepramisszi\u00f3 - Magyarorsz\u00e1g\",\"description\":\"\",\"publisher\":{\"@id\":\"https:\/\/www.lepramisszio.hu\/#organization\"},\"potentialAction\":[{\"@type\":\"SearchAction\",\"target\":{\"@type\":\"EntryPoint\",\"urlTemplate\":\"https:\/\/www.lepramisszio.hu\/?s={search_term_string}\"},\"query-input\":{\"@type\":\"PropertyValueSpecification\",\"valueRequired\":true,\"valueName\":\"search_term_string\"}}],\"inLanguage\":\"en-GB\"},{\"@type\":\"Organization\",\"@id\":\"https:\/\/www.lepramisszio.hu\/#organization\",\"name\":\"Lepramisszi\u00f3 - Magyarorsz\u00e1g\",\"url\":\"https:\/\/www.lepramisszio.hu\/\",\"logo\":{\"@type\":\"ImageObject\",\"inLanguage\":\"en-GB\",\"@id\":\"https:\/\/www.lepramisszio.hu\/#\/schema\/logo\/image\/\",\"url\":\"https:\/\/www.lepramisszio.hu\/wp-content\/uploads\/2020\/10\/cropped-logo-kor-2-1.png\",\"contentUrl\":\"https:\/\/www.lepramisszio.hu\/wp-content\/uploads\/2020\/10\/cropped-logo-kor-2-1.png\",\"width\":250,\"height\":226,\"caption\":\"Lepramisszi\u00f3 - Magyarorsz\u00e1g\"},\"image\":{\"@id\":\"https:\/\/www.lepramisszio.hu\/#\/schema\/logo\/image\/\"}},{\"@type\":\"Person\",\"@id\":\"https:\/\/www.lepramisszio.hu\/#\/schema\/person\/65f37d90d6ec1c01a854e4d3b1574112\",\"name\":\"Technical Support\",\"url\":\"https:\/\/www.lepramisszio.hu\/en\/author\/techsupport\/\"}]}<\/script>\n<!-- \/ Yoast SEO plugin. -->","yoast_head_json":{"title":"2023. \u00e9vi tavaszi munkat\u00e1rsi napunk - Lepramisszi\u00f3 - Magyarorsz\u00e1g","robots":{"index":"index","follow":"follow","max-snippet":"max-snippet:-1","max-image-preview":"max-image-preview:large","max-video-preview":"max-video-preview:-1"},"canonical":"https:\/\/www.lepramisszio.hu\/en\/2023-evi-tavaszi-munkatarsi-day\/","og_locale":"en_GB","og_type":"article","og_title":"2023. \u00e9vi tavaszi munkat\u00e1rsi napunk - Lepramisszi\u00f3 - Magyarorsz\u00e1g","og_description":"\u00d6r\u00f6mteli, vid\u00e1m \u00e9s odaad\u00f3 l\u00e9gk\u00f6rben telt 2023. j\u00fanius 3-\u00e1n tavaszi munkat\u00e1rsi napunk is, melyet a Bp- T\u00f6r\u00f6k\u0151ri Reform\u00e1tus Gy\u00fclekezet templom\u00e1ban tarthattunk.","og_url":"https:\/\/www.lepramisszio.hu\/en\/2023-evi-tavaszi-munkatarsi-day\/","og_site_name":"Lepramisszi\u00f3 - Magyarorsz\u00e1g","article_published_time":"2023-07-18T20:20:05+00:00","article_modified_time":"2023-07-29T13:50:27+00:00","og_image":[{"width":595,"height":446,"url":"https:\/\/www.lepramisszio.hu\/wp-content\/uploads\/2023\/07\/Kep5.jpg","type":"image\/jpeg"}],"author":"Technical Support","twitter_card":"summary_large_image","twitter_misc":{"Written by":"Technical Support","Estimated reading time":"3 minutes"},"schema":{"@context":"https:\/\/schema.org","@graph":[{"@type":"Article","@id":"https:\/\/www.lepramisszio.hu\/2023-evi-tavaszi-munkatarsi-napunk\/#article","isPartOf":{"@id":"https:\/\/www.lepramisszio.hu\/2023-evi-tavaszi-munkatarsi-napunk\/"},"author":{"name":"Technical Support","@id":"https:\/\/www.lepramisszio.hu\/#\/schema\/person\/65f37d90d6ec1c01a854e4d3b1574112"},"headline":"2023. \u00e9vi tavaszi munkat\u00e1rsi napunk","datePublished":"2023-07-18T20:20:05+00:00","dateModified":"2023-07-29T13:50:27+00:00","mainEntityOfPage":{"@id":"https:\/\/www.lepramisszio.hu\/2023-evi-tavaszi-munkatarsi-napunk\/"},"wordCount":527,"publisher":{"@id":"https:\/\/www.lepramisszio.hu\/#organization"},"image":{"@id":"https:\/\/www.lepramisszio.hu\/2023-evi-tavaszi-munkatarsi-napunk\/#primaryimage"},"thumbnailUrl":"https:\/\/www.lepramisszio.hu\/wp-content\/uploads\/2023\/07\/Kep5.jpg","articleSection":["H\u00cdREINK"],"inLanguage":"en-GB"},{"@type":"WebPage","@id":"https:\/\/www.lepramisszio.hu\/2023-evi-tavaszi-munkatarsi-napunk\/","url":"https:\/\/www.lepramisszio.hu\/2023-evi-tavaszi-munkatarsi-napunk\/","name":"2023. \u00e9vi tavaszi munkat\u00e1rsi napunk - Lepramisszi\u00f3 - Magyarorsz\u00e1g","isPartOf":{"@id":"https:\/\/www.lepramisszio.hu\/#website"},"primaryImageOfPage":{"@id":"https:\/\/www.lepramisszio.hu\/2023-evi-tavaszi-munkatarsi-napunk\/#primaryimage"},"image":{"@id":"https:\/\/www.lepramisszio.hu\/2023-evi-tavaszi-munkatarsi-napunk\/#primaryimage"},"thumbnailUrl":"https:\/\/www.lepramisszio.hu\/wp-content\/uploads\/2023\/07\/Kep5.jpg","datePublished":"2023-07-18T20:20:05+00:00","dateModified":"2023-07-29T13:50:27+00:00","breadcrumb":{"@id":"https:\/\/www.lepramisszio.hu\/2023-evi-tavaszi-munkatarsi-napunk\/#breadcrumb"},"inLanguage":"en-GB","potentialAction":[{"@type":"ReadAction","target":["https:\/\/www.lepramisszio.hu\/2023-evi-tavaszi-munkatarsi-napunk\/"]}]},{"@type":"ImageObject","inLanguage":"en-GB","@id":"https:\/\/www.lepramisszio.hu\/2023-evi-tavaszi-munkatarsi-napunk\/#primaryimage","url":"https:\/\/www.lepramisszio.hu\/wp-content\/uploads\/2023\/07\/Kep5.jpg","contentUrl":"https:\/\/www.lepramisszio.hu\/wp-content\/uploads\/2023\/07\/Kep5.jpg","width":595,"height":446},{"@type":"BreadcrumbList","@id":"https:\/\/www.lepramisszio.hu\/2023-evi-tavaszi-munkatarsi-napunk\/#breadcrumb","itemListElement":[{"@type":"ListItem","position":1,"name":"Home","item":"https:\/\/www.lepramisszio.hu\/"},{"@type":"ListItem","position":2,"name":"2023. \u00e9vi tavaszi munkat\u00e1rsi napunk"}]},{"@type":"WebSite","@id":"https:\/\/www.lepramisszio.hu\/#website","url":"https:\/\/www.lepramisszio.hu\/","name":"Lepramisszi\u00f3 - Magyarorsz\u00e1g","description":"","publisher":{"@id":"https:\/\/www.lepramisszio.hu\/#organization"},"potentialAction":[{"@type":"SearchAction","target":{"@type":"EntryPoint","urlTemplate":"https:\/\/www.lepramisszio.hu\/?s={search_term_string}"},"query-input":{"@type":"PropertyValueSpecification","valueRequired":true,"valueName":"search_term_string"}}],"inLanguage":"en-GB"},{"@type":"Organization","@id":"https:\/\/www.lepramisszio.hu\/#organization","name":"Lepramisszi\u00f3 - Magyarorsz\u00e1g","url":"https:\/\/www.lepramisszio.hu\/","logo":{"@type":"ImageObject","inLanguage":"en-GB","@id":"https:\/\/www.lepramisszio.hu\/#\/schema\/logo\/image\/","url":"https:\/\/www.lepramisszio.hu\/wp-content\/uploads\/2020\/10\/cropped-logo-kor-2-1.png","contentUrl":"https:\/\/www.lepramisszio.hu\/wp-content\/uploads\/2020\/10\/cropped-logo-kor-2-1.png","width":250,"height":226,"caption":"Lepramisszi\u00f3 - Magyarorsz\u00e1g"},"image":{"@id":"https:\/\/www.lepramisszio.hu\/#\/schema\/logo\/image\/"}},{"@type":"Person","@id":"https:\/\/www.lepramisszio.hu\/#\/schema\/person\/65f37d90d6ec1c01a854e4d3b1574112","name":"Technical Support","url":"https:\/\/www.lepramisszio.hu\/en\/author\/techsupport\/"}]}},"_links":{"self":[{"href":"https:\/\/www.lepramisszio.hu\/en\/wp-json\/wp\/v2\/posts\/8243","targetHints":{"allow":["GET"]}}],"collection":[{"href":"https:\/\/www.lepramisszio.hu\/en\/wp-json\/wp\/v2\/posts"}],"about":[{"href":"https:\/\/www.lepramisszio.hu\/en\/wp-json\/wp\/v2\/types\/post"}],"author":[{"embeddable":true,"href":"https:\/\/www.lepramisszio.hu\/en\/wp-json\/wp\/v2\/users\/2"}],"replies":[{"embeddable":true,"href":"https:\/\/www.lepramisszio.hu\/en\/wp-json\/wp\/v2\/comments?post=8243"}],"version-history":[{"count":2,"href":"https:\/\/www.lepramisszio.hu\/en\/wp-json\/wp\/v2\/posts\/8243\/revisions"}],"predecessor-version":[{"id":8252,"href":"https:\/\/www.lepramisszio.hu\/en\/wp-json\/wp\/v2\/posts\/8243\/revisions\/8252"}],"wp:featuredmedia":[{"embeddable":true,"href":"https:\/\/www.lepramisszio.hu\/en\/wp-json\/wp\/v2\/media\/8239"}],"wp:attachment":[{"href":"https:\/\/www.lepramisszio.hu\/en\/wp-json\/wp\/v2\/media?parent=8243"}],"wp:term":[{"taxonomy":"category","embeddable":true,"href":"https:\/\/www.lepramisszio.hu\/en\/wp-json\/wp\/v2\/categories?post=8243"},{"taxonomy":"post_tag","embeddable":true,"href":"https:\/\/www.lepramisszio.hu\/en\/wp-json\/wp\/v2\/tags?post=8243"}],"curies":[{"name":"wp","href":"https:\/\/api.w.org\/{rel}","templated":true}]}}