{"id":8601,"date":"2024-06-24T19:49:26","date_gmt":"2024-06-24T17:49:26","guid":{"rendered":"https:\/\/www.lepramisszio.hu\/?p=8601"},"modified":"2024-08-02T19:57:36","modified_gmt":"2024-08-02T17:57:36","slug":"tata-order-festival","status":"publish","type":"post","link":"https:\/\/www.lepramisszio.hu\/en\/tata-order-festival\/","title":{"rendered":"Tata REND festival"},"content":{"rendered":"<p>On 22 June we participated in the REND festival in Tata. At the stand of Lepramisszio we could buy small souvenirs and our staff. We were able to distribute many flyers among the festival visitors, so that as many people as possible could learn about our cause.<\/p>\n<p>Photos from the festival <span style=\"color: #00ccff;\"><a style=\"color: #00ccff;\" href=\"https:\/\/www.lepramisszio.hu\/en\/2024-junius-22-tata-rend...\/\">here<\/a><\/span> you can view!<\/p>\n<p><img fetchpriority=\"high\" decoding=\"async\" class=\"aligncenter wp-image-8585 size-large\" src=\"https:\/\/www.lepramisszio.hu\/wp-content\/uploads\/2024\/07\/1-1024x772.jpg\" alt=\"\" width=\"800\" height=\"603\" srcset=\"https:\/\/www.lepramisszio.hu\/wp-content\/uploads\/2024\/07\/1-1024x772.jpg 1024w, https:\/\/www.lepramisszio.hu\/wp-content\/uploads\/2024\/07\/1-300x226.jpg 300w, https:\/\/www.lepramisszio.hu\/wp-content\/uploads\/2024\/07\/1-768x579.jpg 768w, https:\/\/www.lepramisszio.hu\/wp-content\/uploads\/2024\/07\/1-1536x1158.jpg 1536w, https:\/\/www.lepramisszio.hu\/wp-content\/uploads\/2024\/07\/1-2048x1544.jpg 2048w, https:\/\/www.lepramisszio.hu\/wp-content\/uploads\/2024\/07\/1-16x12.jpg 16w\" sizes=\"(max-width: 800px) 100vw, 800px\" \/><\/p>","protected":false},"excerpt":{"rendered":"<p>On 22 June we participated in the REND festival in Tata. At the stand of the Lepramissiio you could buy small souvenirs.<\/p>","protected":false},"author":2,"featured_media":8585,"comment_status":"closed","ping_status":"closed","sticky":false,"template":"","format":"standard","meta":{"footnotes":""},"categories":[33],"tags":[],"class_list":["post-8601","post","type-post","status-publish","format-standard","has-post-thumbnail","hentry","category-hirek"],"yoast_head":"<!-- This site is optimized with the Yoast SEO plugin v25.1 - https:\/\/yoast.com\/wordpress\/plugins\/seo\/ -->\n<title>Tata REND fesztiv\u00e1l - Lepramisszi\u00f3 - Magyarorsz\u00e1g<\/title>\n<meta name=\"robots\" content=\"index, follow, max-snippet:-1, max-image-preview:large, max-video-preview:-1\" \/>\n<link rel=\"canonical\" href=\"https:\/\/www.lepramisszio.hu\/en\/tata-order-festival\/\" \/>\n<meta property=\"og:locale\" content=\"en_GB\" \/>\n<meta property=\"og:type\" content=\"article\" \/>\n<meta property=\"og:title\" content=\"Tata REND fesztiv\u00e1l - Lepramisszi\u00f3 - Magyarorsz\u00e1g\" \/>\n<meta property=\"og:description\" content=\"J\u00fanius 22-\u00e9n r\u00e9szt vett\u00fcnk Tat\u00e1n a REND fesztiv\u00e1lon. A Lepramisszi\u00f3 standj\u00e1n\u00e1l apr\u00f3 aj\u00e1nd\u00e9kt\u00e1rgyakat lehetett v\u00e1s\u00e1rolni.\" \/>\n<meta property=\"og:url\" content=\"https:\/\/www.lepramisszio.hu\/en\/tata-order-festival\/\" \/>\n<meta property=\"og:site_name\" content=\"Lepramisszi\u00f3 - Magyarorsz\u00e1g\" \/>\n<meta property=\"article:published_time\" content=\"2024-06-24T17:49:26+00:00\" \/>\n<meta property=\"article:modified_time\" content=\"2024-08-02T17:57:36+00:00\" \/>\n<meta property=\"og:image\" content=\"https:\/\/www.lepramisszio.hu\/wp-content\/uploads\/2024\/07\/1-scaled.jpg\" \/>\n\t<meta property=\"og:image:width\" content=\"2560\" \/>\n\t<meta property=\"og:image:height\" content=\"1929\" \/>\n\t<meta property=\"og:image:type\" content=\"image\/jpeg\" \/>\n<meta name=\"author\" content=\"Technical Support\" \/>\n<meta name=\"twitter:card\" content=\"summary_large_image\" \/>\n<meta name=\"twitter:label1\" content=\"Written by\" \/>\n\t<meta name=\"twitter:data1\" content=\"Technical Support\" \/>\n\t<meta name=\"twitter:label2\" content=\"Estimated reading time\" \/>\n\t<meta name=\"twitter:data2\" content=\"1 minute\" \/>\n<script type=\"application\/ld+json\" class=\"yoast-schema-graph\">{\"@context\":\"https:\/\/schema.org\",\"@graph\":[{\"@type\":\"Article\",\"@id\":\"https:\/\/www.lepramisszio.hu\/tata-rend-fesztival\/#article\",\"isPartOf\":{\"@id\":\"https:\/\/www.lepramisszio.hu\/tata-rend-fesztival\/\"},\"author\":{\"name\":\"Technical Support\",\"@id\":\"https:\/\/www.lepramisszio.hu\/#\/schema\/person\/65f37d90d6ec1c01a854e4d3b1574112\"},\"headline\":\"Tata REND fesztiv\u00e1l\",\"datePublished\":\"2024-06-24T17:49:26+00:00\",\"dateModified\":\"2024-08-02T17:57:36+00:00\",\"mainEntityOfPage\":{\"@id\":\"https:\/\/www.lepramisszio.hu\/tata-rend-fesztival\/\"},\"wordCount\":95,\"publisher\":{\"@id\":\"https:\/\/www.lepramisszio.hu\/#organization\"},\"image\":{\"@id\":\"https:\/\/www.lepramisszio.hu\/tata-rend-fesztival\/#primaryimage\"},\"thumbnailUrl\":\"https:\/\/www.lepramisszio.hu\/wp-content\/uploads\/2024\/07\/1-scaled.jpg\",\"articleSection\":[\"H\u00cdREINK\"],\"inLanguage\":\"en-GB\"},{\"@type\":\"WebPage\",\"@id\":\"https:\/\/www.lepramisszio.hu\/tata-rend-fesztival\/\",\"url\":\"https:\/\/www.lepramisszio.hu\/tata-rend-fesztival\/\",\"name\":\"Tata REND fesztiv\u00e1l - Lepramisszi\u00f3 - Magyarorsz\u00e1g\",\"isPartOf\":{\"@id\":\"https:\/\/www.lepramisszio.hu\/#website\"},\"primaryImageOfPage\":{\"@id\":\"https:\/\/www.lepramisszio.hu\/tata-rend-fesztival\/#primaryimage\"},\"image\":{\"@id\":\"https:\/\/www.lepramisszio.hu\/tata-rend-fesztival\/#primaryimage\"},\"thumbnailUrl\":\"https:\/\/www.lepramisszio.hu\/wp-content\/uploads\/2024\/07\/1-scaled.jpg\",\"datePublished\":\"2024-06-24T17:49:26+00:00\",\"dateModified\":\"2024-08-02T17:57:36+00:00\",\"breadcrumb\":{\"@id\":\"https:\/\/www.lepramisszio.hu\/tata-rend-fesztival\/#breadcrumb\"},\"inLanguage\":\"en-GB\",\"potentialAction\":[{\"@type\":\"ReadAction\",\"target\":[\"https:\/\/www.lepramisszio.hu\/tata-rend-fesztival\/\"]}]},{\"@type\":\"ImageObject\",\"inLanguage\":\"en-GB\",\"@id\":\"https:\/\/www.lepramisszio.hu\/tata-rend-fesztival\/#primaryimage\",\"url\":\"https:\/\/www.lepramisszio.hu\/wp-content\/uploads\/2024\/07\/1-scaled.jpg\",\"contentUrl\":\"https:\/\/www.lepramisszio.hu\/wp-content\/uploads\/2024\/07\/1-scaled.jpg\",\"width\":2560,\"height\":1929},{\"@type\":\"BreadcrumbList\",\"@id\":\"https:\/\/www.lepramisszio.hu\/tata-rend-fesztival\/#breadcrumb\",\"itemListElement\":[{\"@type\":\"ListItem\",\"position\":1,\"name\":\"Home\",\"item\":\"https:\/\/www.lepramisszio.hu\/\"},{\"@type\":\"ListItem\",\"position\":2,\"name\":\"Tata REND fesztiv\u00e1l\"}]},{\"@type\":\"WebSite\",\"@id\":\"https:\/\/www.lepramisszio.hu\/#website\",\"url\":\"https:\/\/www.lepramisszio.hu\/\",\"name\":\"Lepramisszi\u00f3 - Magyarorsz\u00e1g\",\"description\":\"\",\"publisher\":{\"@id\":\"https:\/\/www.lepramisszio.hu\/#organization\"},\"potentialAction\":[{\"@type\":\"SearchAction\",\"target\":{\"@type\":\"EntryPoint\",\"urlTemplate\":\"https:\/\/www.lepramisszio.hu\/?s={search_term_string}\"},\"query-input\":{\"@type\":\"PropertyValueSpecification\",\"valueRequired\":true,\"valueName\":\"search_term_string\"}}],\"inLanguage\":\"en-GB\"},{\"@type\":\"Organization\",\"@id\":\"https:\/\/www.lepramisszio.hu\/#organization\",\"name\":\"Lepramisszi\u00f3 - Magyarorsz\u00e1g\",\"url\":\"https:\/\/www.lepramisszio.hu\/\",\"logo\":{\"@type\":\"ImageObject\",\"inLanguage\":\"en-GB\",\"@id\":\"https:\/\/www.lepramisszio.hu\/#\/schema\/logo\/image\/\",\"url\":\"https:\/\/www.lepramisszio.hu\/wp-content\/uploads\/2020\/10\/cropped-logo-kor-2-1.png\",\"contentUrl\":\"https:\/\/www.lepramisszio.hu\/wp-content\/uploads\/2020\/10\/cropped-logo-kor-2-1.png\",\"width\":250,\"height\":226,\"caption\":\"Lepramisszi\u00f3 - Magyarorsz\u00e1g\"},\"image\":{\"@id\":\"https:\/\/www.lepramisszio.hu\/#\/schema\/logo\/image\/\"}},{\"@type\":\"Person\",\"@id\":\"https:\/\/www.lepramisszio.hu\/#\/schema\/person\/65f37d90d6ec1c01a854e4d3b1574112\",\"name\":\"Technical Support\",\"url\":\"https:\/\/www.lepramisszio.hu\/en\/author\/techsupport\/\"}]}<\/script>\n<!-- \/ Yoast SEO plugin. -->","yoast_head_json":{"title":"Tata REND fesztiv\u00e1l - Lepramisszi\u00f3 - Magyarorsz\u00e1g","robots":{"index":"index","follow":"follow","max-snippet":"max-snippet:-1","max-image-preview":"max-image-preview:large","max-video-preview":"max-video-preview:-1"},"canonical":"https:\/\/www.lepramisszio.hu\/en\/tata-order-festival\/","og_locale":"en_GB","og_type":"article","og_title":"Tata REND fesztiv\u00e1l - Lepramisszi\u00f3 - Magyarorsz\u00e1g","og_description":"J\u00fanius 22-\u00e9n r\u00e9szt vett\u00fcnk Tat\u00e1n a REND fesztiv\u00e1lon. A Lepramisszi\u00f3 standj\u00e1n\u00e1l apr\u00f3 aj\u00e1nd\u00e9kt\u00e1rgyakat lehetett v\u00e1s\u00e1rolni.","og_url":"https:\/\/www.lepramisszio.hu\/en\/tata-order-festival\/","og_site_name":"Lepramisszi\u00f3 - Magyarorsz\u00e1g","article_published_time":"2024-06-24T17:49:26+00:00","article_modified_time":"2024-08-02T17:57:36+00:00","og_image":[{"width":2560,"height":1929,"url":"https:\/\/www.lepramisszio.hu\/wp-content\/uploads\/2024\/07\/1-scaled.jpg","type":"image\/jpeg"}],"author":"Technical Support","twitter_card":"summary_large_image","twitter_misc":{"Written by":"Technical Support","Estimated reading time":"1 minute"},"schema":{"@context":"https:\/\/schema.org","@graph":[{"@type":"Article","@id":"https:\/\/www.lepramisszio.hu\/tata-rend-fesztival\/#article","isPartOf":{"@id":"https:\/\/www.lepramisszio.hu\/tata-rend-fesztival\/"},"author":{"name":"Technical Support","@id":"https:\/\/www.lepramisszio.hu\/#\/schema\/person\/65f37d90d6ec1c01a854e4d3b1574112"},"headline":"Tata REND fesztiv\u00e1l","datePublished":"2024-06-24T17:49:26+00:00","dateModified":"2024-08-02T17:57:36+00:00","mainEntityOfPage":{"@id":"https:\/\/www.lepramisszio.hu\/tata-rend-fesztival\/"},"wordCount":95,"publisher":{"@id":"https:\/\/www.lepramisszio.hu\/#organization"},"image":{"@id":"https:\/\/www.lepramisszio.hu\/tata-rend-fesztival\/#primaryimage"},"thumbnailUrl":"https:\/\/www.lepramisszio.hu\/wp-content\/uploads\/2024\/07\/1-scaled.jpg","articleSection":["H\u00cdREINK"],"inLanguage":"en-GB"},{"@type":"WebPage","@id":"https:\/\/www.lepramisszio.hu\/tata-rend-fesztival\/","url":"https:\/\/www.lepramisszio.hu\/tata-rend-fesztival\/","name":"Tata REND fesztiv\u00e1l - Lepramisszi\u00f3 - Magyarorsz\u00e1g","isPartOf":{"@id":"https:\/\/www.lepramisszio.hu\/#website"},"primaryImageOfPage":{"@id":"https:\/\/www.lepramisszio.hu\/tata-rend-fesztival\/#primaryimage"},"image":{"@id":"https:\/\/www.lepramisszio.hu\/tata-rend-fesztival\/#primaryimage"},"thumbnailUrl":"https:\/\/www.lepramisszio.hu\/wp-content\/uploads\/2024\/07\/1-scaled.jpg","datePublished":"2024-06-24T17:49:26+00:00","dateModified":"2024-08-02T17:57:36+00:00","breadcrumb":{"@id":"https:\/\/www.lepramisszio.hu\/tata-rend-fesztival\/#breadcrumb"},"inLanguage":"en-GB","potentialAction":[{"@type":"ReadAction","target":["https:\/\/www.lepramisszio.hu\/tata-rend-fesztival\/"]}]},{"@type":"ImageObject","inLanguage":"en-GB","@id":"https:\/\/www.lepramisszio.hu\/tata-rend-fesztival\/#primaryimage","url":"https:\/\/www.lepramisszio.hu\/wp-content\/uploads\/2024\/07\/1-scaled.jpg","contentUrl":"https:\/\/www.lepramisszio.hu\/wp-content\/uploads\/2024\/07\/1-scaled.jpg","width":2560,"height":1929},{"@type":"BreadcrumbList","@id":"https:\/\/www.lepramisszio.hu\/tata-rend-fesztival\/#breadcrumb","itemListElement":[{"@type":"ListItem","position":1,"name":"Home","item":"https:\/\/www.lepramisszio.hu\/"},{"@type":"ListItem","position":2,"name":"Tata REND fesztiv\u00e1l"}]},{"@type":"WebSite","@id":"https:\/\/www.lepramisszio.hu\/#website","url":"https:\/\/www.lepramisszio.hu\/","name":"Lepramisszi\u00f3 - Magyarorsz\u00e1g","description":"","publisher":{"@id":"https:\/\/www.lepramisszio.hu\/#organization"},"potentialAction":[{"@type":"SearchAction","target":{"@type":"EntryPoint","urlTemplate":"https:\/\/www.lepramisszio.hu\/?s={search_term_string}"},"query-input":{"@type":"PropertyValueSpecification","valueRequired":true,"valueName":"search_term_string"}}],"inLanguage":"en-GB"},{"@type":"Organization","@id":"https:\/\/www.lepramisszio.hu\/#organization","name":"Lepramisszi\u00f3 - Magyarorsz\u00e1g","url":"https:\/\/www.lepramisszio.hu\/","logo":{"@type":"ImageObject","inLanguage":"en-GB","@id":"https:\/\/www.lepramisszio.hu\/#\/schema\/logo\/image\/","url":"https:\/\/www.lepramisszio.hu\/wp-content\/uploads\/2020\/10\/cropped-logo-kor-2-1.png","contentUrl":"https:\/\/www.lepramisszio.hu\/wp-content\/uploads\/2020\/10\/cropped-logo-kor-2-1.png","width":250,"height":226,"caption":"Lepramisszi\u00f3 - Magyarorsz\u00e1g"},"image":{"@id":"https:\/\/www.lepramisszio.hu\/#\/schema\/logo\/image\/"}},{"@type":"Person","@id":"https:\/\/www.lepramisszio.hu\/#\/schema\/person\/65f37d90d6ec1c01a854e4d3b1574112","name":"Technical Support","url":"https:\/\/www.lepramisszio.hu\/en\/author\/techsupport\/"}]}},"_links":{"self":[{"href":"https:\/\/www.lepramisszio.hu\/en\/wp-json\/wp\/v2\/posts\/8601","targetHints":{"allow":["GET"]}}],"collection":[{"href":"https:\/\/www.lepramisszio.hu\/en\/wp-json\/wp\/v2\/posts"}],"about":[{"href":"https:\/\/www.lepramisszio.hu\/en\/wp-json\/wp\/v2\/types\/post"}],"author":[{"embeddable":true,"href":"https:\/\/www.lepramisszio.hu\/en\/wp-json\/wp\/v2\/users\/2"}],"replies":[{"embeddable":true,"href":"https:\/\/www.lepramisszio.hu\/en\/wp-json\/wp\/v2\/comments?post=8601"}],"version-history":[{"count":5,"href":"https:\/\/www.lepramisszio.hu\/en\/wp-json\/wp\/v2\/posts\/8601\/revisions"}],"predecessor-version":[{"id":8609,"href":"https:\/\/www.lepramisszio.hu\/en\/wp-json\/wp\/v2\/posts\/8601\/revisions\/8609"}],"wp:featuredmedia":[{"embeddable":true,"href":"https:\/\/www.lepramisszio.hu\/en\/wp-json\/wp\/v2\/media\/8585"}],"wp:attachment":[{"href":"https:\/\/www.lepramisszio.hu\/en\/wp-json\/wp\/v2\/media?parent=8601"}],"wp:term":[{"taxonomy":"category","embeddable":true,"href":"https:\/\/www.lepramisszio.hu\/en\/wp-json\/wp\/v2\/categories?post=8601"},{"taxonomy":"post_tag","embeddable":true,"href":"https:\/\/www.lepramisszio.hu\/en\/wp-json\/wp\/v2\/tags?post=8601"}],"curies":[{"name":"wp","href":"https:\/\/api.w.org\/{rel}","templated":true}]}}